{"id":189319,"date":"2021-10-06T18:31:49","date_gmt":"2021-10-06T21:31:49","guid":{"rendered":"https:\/\/diarioregionaldigital.com.br\/?p=189319"},"modified":"2021-10-06T18:31:49","modified_gmt":"2021-10-06T21:31:49","slug":"chiellini-diz-que-tem-vergonha-de-ofensas-racistas-a-trio-do-napoli","status":"publish","type":"post","link":"https:\/\/diarioregionaldigital.com.br\/?p=189319","title":{"rendered":"Chiellini diz que tem &#8220;vergonha&#8221; de ofensas racistas a trio do Napoli"},"content":{"rendered":"<p>O zagueiro da Juventus Giorgio Chiellini disse que sentiu vergonha &#8220;como italiano&#8221; das ofensas raciais direcionadas por torcedores da Fiorentina a jogadores do Napoli no domingo (2).<\/p>\n<p>Kalidou Koulibaly, zagueiro negro do Napoli, disse que foi ofendido por torcedores da Fiorentina, e a Gazzetta dello Sport noticiou que seus colegas de equipe Victor Osimhen e Andr\u00e9-Frank Zambo Anguissa tamb\u00e9m foram atacados ap\u00f3s a vit\u00f3ria do Napoli por 2 a 1.<\/p>\n<p>O Napoli retuitou o comunicado do nigeriano Osimhen sobre a ofensa, e a Fiorentina repudiou o incidente.<\/p>\n<p>Falando aos rep\u00f3rteres antes do jogo da It\u00e1lia contra a Espanha nesta quarta-feira (6) pela Liga das Na\u00e7\u00f5es da Uefa, Chiellini disse que as ofensas s\u00e3o &#8220;inaceit\u00e1veis&#8221;.<\/p>\n<p>&#8220;Precisamos de leis e regras que sejam aplicadas, esta \u00e9 a coisa mais importante&#8221;, opinou. &#8220;Fiquei envergonhado, como italiano e toscano, e tamb\u00e9m porque a It\u00e1lia n\u00e3o \u00e9 um pa\u00eds racista para mim.&#8221; &#8220;Algo mais precisa ser feito, sen\u00e3o passamos uma imagem ruim de n\u00f3s mesmos para fora&#8221;, disse.<\/p>\n<p>O futebol italiano est\u00e1 assolado pelo racismo. No m\u00eas passado, procuradores iniciaram uma investiga\u00e7\u00e3o sobre alega\u00e7\u00f5es de c\u00e2nticos racistas de torcedores da Lazio contra Tiemoue Bakayoko e Franck Kessie, meio-campistas do Milan, e a Juventus emitiu um pedido de desculpas depois que a conta de seu time feminino tuitou uma foto contendo um gesto racista em agosto.<\/p>\n<p><span style=\"font-weight: 400;\">Fonte: Ag\u00eancia Brasil <\/span><\/p>\n","protected":false},"excerpt":{"rendered":"<p>O zagueiro da Juventus Giorgio Chiellini disse que sentiu vergonha &#8220;como italiano&#8221; das ofensas raciais direcionadas por torcedores da Fiorentina a jogadores do Napoli no domingo (2). Kalidou Koulibaly, zagueiro negro do Napoli, disse que foi ofendido por torcedores da Fiorentina, e a Gazzetta dello Sport noticiou que seus colegas de equipe Victor Osimhen e [&hellip;]<\/p>\n","protected":false},"author":246,"featured_media":189320,"comment_status":"closed","ping_status":"closed","sticky":false,"template":"","format":"standard","meta":{"footnotes":""},"categories":[436,257],"tags":[],"class_list":["post-189319","post","type-post","status-publish","format-standard","has-post-thumbnail","hentry","category-destaque-da-semana","category-esporte"],"_links":{"self":[{"href":"https:\/\/diarioregionaldigital.com.br\/index.php?rest_route=\/wp\/v2\/posts\/189319","targetHints":{"allow":["GET"]}}],"collection":[{"href":"https:\/\/diarioregionaldigital.com.br\/index.php?rest_route=\/wp\/v2\/posts"}],"about":[{"href":"https:\/\/diarioregionaldigital.com.br\/index.php?rest_route=\/wp\/v2\/types\/post"}],"author":[{"embeddable":true,"href":"https:\/\/diarioregionaldigital.com.br\/index.php?rest_route=\/wp\/v2\/users\/246"}],"replies":[{"embeddable":true,"href":"https:\/\/diarioregionaldigital.com.br\/index.php?rest_route=%2Fwp%2Fv2%2Fcomments&post=189319"}],"version-history":[{"count":1,"href":"https:\/\/diarioregionaldigital.com.br\/index.php?rest_route=\/wp\/v2\/posts\/189319\/revisions"}],"predecessor-version":[{"id":189321,"href":"https:\/\/diarioregionaldigital.com.br\/index.php?rest_route=\/wp\/v2\/posts\/189319\/revisions\/189321"}],"wp:featuredmedia":[{"embeddable":true,"href":"https:\/\/diarioregionaldigital.com.br\/index.php?rest_route=\/wp\/v2\/media\/189320"}],"wp:attachment":[{"href":"https:\/\/diarioregionaldigital.com.br\/index.php?rest_route=%2Fwp%2Fv2%2Fmedia&parent=189319"}],"wp:term":[{"taxonomy":"category","embeddable":true,"href":"https:\/\/diarioregionaldigital.com.br\/index.php?rest_route=%2Fwp%2Fv2%2Fcategories&post=189319"},{"taxonomy":"post_tag","embeddable":true,"href":"https:\/\/diarioregionaldigital.com.br\/index.php?rest_route=%2Fwp%2Fv2%2Ftags&post=189319"}],"curies":[{"name":"wp","href":"https:\/\/api.w.org\/{rel}","templated":true}]}}