{"id":189316,"date":"2021-10-06T18:29:36","date_gmt":"2021-10-06T21:29:36","guid":{"rendered":"https:\/\/diarioregionaldigital.com.br\/?p=189316"},"modified":"2021-10-06T18:29:36","modified_gmt":"2021-10-06T21:29:36","slug":"basquete-espanhol-pau-gasol-se-aposenta-apos-carreira-de-23-anos","status":"publish","type":"post","link":"https:\/\/diarioregionaldigital.com.br\/?p=189316","title":{"rendered":"Basquete: espanhol Pau Gasol se aposenta ap\u00f3s carreira de 23 anos"},"content":{"rendered":"<p>O lend\u00e1rio jogador de basquete espanhol Pau Gasol anunciou nesta ter\u00e7a-feira (5) que est\u00e1 se aposentando ap\u00f3s uma carreira de 23 anos.<img decoding=\"async\" src=\"https:\/\/agenciabrasil.ebc.com.br\/ebc.png?id=1423637&amp;o=node\" \/><img decoding=\"async\" src=\"https:\/\/agenciabrasil.ebc.com.br\/ebc.gif?id=1423637&amp;o=node\" \/><\/p>\n<p>\u201cEstou aqui para dizer a voc\u00eas que me aposentarei do basquete profissional. \u00c9 uma decis\u00e3o dif\u00edcil depois de tantos anos, mas uma decis\u00e3o que tomei cuidadosamente\u201d, disse Gasol, de 41 anos, em uma coletiva de imprensa no teatro Liceu de Barcelona.<\/p>\n<p>Gasol, que tem 2,16 metros de altura, estreou como profissional em 1998 como piv\u00f4 do Barcelona e foi contratado pelo Memphis Grizzlies, da NBA (liga de basquete profissional masculino dos Estados Unidos) em 2001.<\/p>\n<p>Ele conquistou t\u00edtulos da NBA com o Los Angeles Lakers em 2009 e em 2010, e foi escalado para o All-Star Game (o jogo das estrelas) da competi\u00e7\u00e3o em seis ocasi\u00f5es.<\/p>\n<p>Mais tarde, Gasol defendeu o Chicago Bulls e o San Antonio Spurs, e passou um per\u00edodo curto com os Milwaukee Bucks, al\u00e9m de quatro meses com os Portland Trail Blazers, onde uma les\u00e3o o impediu de jogar.<\/p>\n<p>Ele voltou ao Barcelona no in\u00edcio deste ano, ajudando seu time de juventude a encerrar uma espera de sete anos pelo t\u00edtulo do campeonato espanhol em junho.<\/p>\n<p>Gasol foi um talism\u00e3 para a Espanha, ajudando a sele\u00e7\u00e3o a conquistar a medalha de prata ol\u00edmpica nos Jogos de 2008 e de 2012, al\u00e9m de um bronze em 2016.<\/p>\n<p>Ele se recuperou de quase dois anos afastado por les\u00f5es e competiu na Olimp\u00edada de T\u00f3quio, em 2020, na qual os espanh\u00f3is perderam nas quartas de final para os EUA, que ficaram com o ouro ol\u00edmpico. Esta foi a \u00faltima atua\u00e7\u00e3o internacional do espanhol.<\/p>\n<p>Na coletiva de imprensa, Gasol tamb\u00e9m prestou homenagem ao falecido Kobe Bryant: \u201cGostaria que ele tivesse estado aqui hoje, mas \u00e0s vezes a vida \u00e9 injusta\u201d.<\/p>\n<p><span style=\"font-weight: 400;\">Fonte: Ag\u00eancia Brasil <\/span><\/p>\n","protected":false},"excerpt":{"rendered":"<p>O lend\u00e1rio jogador de basquete espanhol Pau Gasol anunciou nesta ter\u00e7a-feira (5) que est\u00e1 se aposentando ap\u00f3s uma carreira de 23 anos. \u201cEstou aqui para dizer a voc\u00eas que me aposentarei do basquete profissional. \u00c9 uma decis\u00e3o dif\u00edcil depois de tantos anos, mas uma decis\u00e3o que tomei cuidadosamente\u201d, disse Gasol, de 41 anos, em uma [&hellip;]<\/p>\n","protected":false},"author":246,"featured_media":189317,"comment_status":"closed","ping_status":"closed","sticky":false,"template":"","format":"standard","meta":{"footnotes":""},"categories":[436,257],"tags":[],"class_list":["post-189316","post","type-post","status-publish","format-standard","has-post-thumbnail","hentry","category-destaque-da-semana","category-esporte"],"_links":{"self":[{"href":"https:\/\/diarioregionaldigital.com.br\/index.php?rest_route=\/wp\/v2\/posts\/189316","targetHints":{"allow":["GET"]}}],"collection":[{"href":"https:\/\/diarioregionaldigital.com.br\/index.php?rest_route=\/wp\/v2\/posts"}],"about":[{"href":"https:\/\/diarioregionaldigital.com.br\/index.php?rest_route=\/wp\/v2\/types\/post"}],"author":[{"embeddable":true,"href":"https:\/\/diarioregionaldigital.com.br\/index.php?rest_route=\/wp\/v2\/users\/246"}],"replies":[{"embeddable":true,"href":"https:\/\/diarioregionaldigital.com.br\/index.php?rest_route=%2Fwp%2Fv2%2Fcomments&post=189316"}],"version-history":[{"count":1,"href":"https:\/\/diarioregionaldigital.com.br\/index.php?rest_route=\/wp\/v2\/posts\/189316\/revisions"}],"predecessor-version":[{"id":189318,"href":"https:\/\/diarioregionaldigital.com.br\/index.php?rest_route=\/wp\/v2\/posts\/189316\/revisions\/189318"}],"wp:featuredmedia":[{"embeddable":true,"href":"https:\/\/diarioregionaldigital.com.br\/index.php?rest_route=\/wp\/v2\/media\/189317"}],"wp:attachment":[{"href":"https:\/\/diarioregionaldigital.com.br\/index.php?rest_route=%2Fwp%2Fv2%2Fmedia&parent=189316"}],"wp:term":[{"taxonomy":"category","embeddable":true,"href":"https:\/\/diarioregionaldigital.com.br\/index.php?rest_route=%2Fwp%2Fv2%2Fcategories&post=189316"},{"taxonomy":"post_tag","embeddable":true,"href":"https:\/\/diarioregionaldigital.com.br\/index.php?rest_route=%2Fwp%2Fv2%2Ftags&post=189316"}],"curies":[{"name":"wp","href":"https:\/\/api.w.org\/{rel}","templated":true}]}}