{"id":189313,"date":"2021-10-06T18:26:51","date_gmt":"2021-10-06T21:26:51","guid":{"rendered":"https:\/\/diarioregionaldigital.com.br\/?p=189313"},"modified":"2021-10-06T18:26:51","modified_gmt":"2021-10-06T21:26:51","slug":"eliminatorias-tite-escala-arana-para-duelo-brasil-x-venezuela","status":"publish","type":"post","link":"https:\/\/diarioregionaldigital.com.br\/?p=189313","title":{"rendered":"Eliminat\u00f3rias: Tite escala Arana para duelo Brasil x Venezuela"},"content":{"rendered":"<p>O t\u00e9cnico Tite definiu os titulares da sele\u00e7\u00e3o brasileira masculina de futebol que enfrenta a Venezuela nesta quinta-feira (7) pelas Eliminat\u00f3rias Sul-Americanas da Copa do Mundo do Catar. A principal novidade \u00e9 a escala\u00e7\u00e3o de Guilherme Arana, atacante do Atl\u00e9tico-MG e campe\u00e3o ol\u00edmpico em T\u00f3quio, que far\u00e1 sua estreia com a amarelinha, na lateral esquerda, antes defendida por Alex Sandro. A partida\u00a0no Est\u00e1dio Ol\u00edmpico de La UCV, em Caracas, a partir das 20h30, ter\u00e1 transmiss\u00e3o ao vivo da\u00a0<a href=\"https:\/\/radios.ebc.com.br\/radionacional\"><strong>R\u00e1dio Nacional,<\/strong><\/a>\u00a0com narra\u00e7\u00e3o de Andr\u00e9 Marques, coment\u00e1rios de Waldir Luiz e plant\u00e3o de not\u00edcias com Bruno Mendes.<img decoding=\"async\" src=\"https:\/\/agenciabrasil.ebc.com.br\/ebc.png?id=1423769&amp;o=node\" \/><img decoding=\"async\" src=\"https:\/\/agenciabrasil.ebc.com.br\/ebc.gif?id=1423769&amp;o=node\" \/><\/p>\n<p>A equipe titular foi anunciada por Tite, durante coletiva, logo ap\u00f3s o \u00faltimo treino preparat\u00f3rio em Bogot\u00e1 (Col\u00f4mbia). A sele\u00e7\u00e3o embarca logo mais para a capital venezuelana.<\/p>\n<p>&#8220;Oportunidades s\u00e3o importantes. O momento do atleta \u00e9 importante. A campanha nos permite abrir mais o leque de oportunidades. Coisa que na campanha de 2018 n\u00e3o foi poss\u00edvel. Agora a pr\u00f3pria campanha nos permite oportunizar atletas. \u00c9 o caso do Arana&#8221;, disse Tite, referindo-se \u00e0 fase invicta do Brasil nas Eliminat\u00f3rias.<\/p>\n<p>Tamb\u00e9m come\u00e7ar\u00e3o jogando nesta quinta (7) o goleiro Alisson, escalado no lugar de Weverton, titular nos \u00faltimos jogos; o atacante Gabriel Jesus, de volta ao time ap\u00f3s hiato desde as quartas da Copa Am\u00e9rica; e Fabinho no lugar de Casemiro.<\/p>\n<p>&#8220;S\u00e3o dois jogadores posicionais [Casemiro e Fabinho]. Executam fun\u00e7\u00f5es parecidas em seus clubes. Fazem a bola rolar com muita qualidade&#8221;, elogiou Tite.<\/p>\n<p>O Brasil segue com 100 por cento de aproveitamento nas Eliminat\u00f3rias. \u00c9 l\u00edder com 24 pontos (oito vit\u00f3rias em oito jogos), seis \u00e0 frente da Argentina (18), segundo colocada. J\u00e1 a Venezuela ocupa a lanterna da competi\u00e7\u00e3o: est\u00e1 em 10\u00ba lugar ap\u00f3s vencer apenas uma de nove partidas.<\/p>\n<p>A sele\u00e7\u00e3o brasileira entra em campo nesta quinta (7) com Alisson, Danilo, Marquinhos, Thiago Silva e Guilherme Arana; Fabinho, \u00c9verton Ribeiro, Gerson e Lucas Paquet\u00e1; Gabigol e Gabriel Jesus.<\/p>\n<p><span style=\"font-weight: 400;\">Fonte: Ag\u00eancia Brasil <\/span><\/p>\n","protected":false},"excerpt":{"rendered":"<p>O t\u00e9cnico Tite definiu os titulares da sele\u00e7\u00e3o brasileira masculina de futebol que enfrenta a Venezuela nesta quinta-feira (7) pelas Eliminat\u00f3rias Sul-Americanas da Copa do Mundo do Catar. A principal novidade \u00e9 a escala\u00e7\u00e3o de Guilherme Arana, atacante do Atl\u00e9tico-MG e campe\u00e3o ol\u00edmpico em T\u00f3quio, que far\u00e1 sua estreia com a amarelinha, na lateral esquerda, [&hellip;]<\/p>\n","protected":false},"author":246,"featured_media":189314,"comment_status":"closed","ping_status":"closed","sticky":false,"template":"","format":"standard","meta":{"footnotes":""},"categories":[436,440,257],"tags":[],"class_list":["post-189313","post","type-post","status-publish","format-standard","has-post-thumbnail","hentry","category-destaque-da-semana","category-destaques-do-dia","category-esporte"],"_links":{"self":[{"href":"https:\/\/diarioregionaldigital.com.br\/index.php?rest_route=\/wp\/v2\/posts\/189313","targetHints":{"allow":["GET"]}}],"collection":[{"href":"https:\/\/diarioregionaldigital.com.br\/index.php?rest_route=\/wp\/v2\/posts"}],"about":[{"href":"https:\/\/diarioregionaldigital.com.br\/index.php?rest_route=\/wp\/v2\/types\/post"}],"author":[{"embeddable":true,"href":"https:\/\/diarioregionaldigital.com.br\/index.php?rest_route=\/wp\/v2\/users\/246"}],"replies":[{"embeddable":true,"href":"https:\/\/diarioregionaldigital.com.br\/index.php?rest_route=%2Fwp%2Fv2%2Fcomments&post=189313"}],"version-history":[{"count":1,"href":"https:\/\/diarioregionaldigital.com.br\/index.php?rest_route=\/wp\/v2\/posts\/189313\/revisions"}],"predecessor-version":[{"id":189315,"href":"https:\/\/diarioregionaldigital.com.br\/index.php?rest_route=\/wp\/v2\/posts\/189313\/revisions\/189315"}],"wp:featuredmedia":[{"embeddable":true,"href":"https:\/\/diarioregionaldigital.com.br\/index.php?rest_route=\/wp\/v2\/media\/189314"}],"wp:attachment":[{"href":"https:\/\/diarioregionaldigital.com.br\/index.php?rest_route=%2Fwp%2Fv2%2Fmedia&parent=189313"}],"wp:term":[{"taxonomy":"category","embeddable":true,"href":"https:\/\/diarioregionaldigital.com.br\/index.php?rest_route=%2Fwp%2Fv2%2Fcategories&post=189313"},{"taxonomy":"post_tag","embeddable":true,"href":"https:\/\/diarioregionaldigital.com.br\/index.php?rest_route=%2Fwp%2Fv2%2Ftags&post=189313"}],"curies":[{"name":"wp","href":"https:\/\/api.w.org\/{rel}","templated":true}]}}