{"id":189310,"date":"2021-10-06T18:16:20","date_gmt":"2021-10-06T21:16:20","guid":{"rendered":"https:\/\/diarioregionaldigital.com.br\/?p=189310"},"modified":"2021-10-06T18:16:20","modified_gmt":"2021-10-06T21:16:20","slug":"destino-minas-gerais-e-destaque-em-importante-evento-de-turismo-de-negocios-da-america-latina","status":"publish","type":"post","link":"https:\/\/diarioregionaldigital.com.br\/?p=189310","title":{"rendered":"Destino Minas Gerais \u00e9 destaque em importante evento de Turismo de Neg\u00f3cios da Am\u00e9rica Latina"},"content":{"rendered":"<p>Minas Gerais \u00e9 rota de destaque durante a realiza\u00e7\u00e3o da 48\u00aa Abav Expo &amp; Collab. A feira, iniciada nesta quarta-feira (6\/10), em Fortaleza (CE), em formato h\u00edbrido, \u00e9 um dos maiores e mais importantes eventos de Turismo de Neg\u00f3cios na Am\u00e9rica Latina e re\u00fane representantes de diferentes segmentos do trade tur\u00edstico. Neste ano, a\u00a0<a href=\"https:\/\/www.secult.mg.gov.br\/\" target=\"_blank\" rel=\"noopener\">Secretaria de Estado de Cultura e Turismo (Secult)<\/a>\u00a0ter\u00e1 um estande pr\u00f3prio, para apresentar aos participantes o Destino Minas Gerais e as iniciativas do Programa de apoio \u00e0 comercializa\u00e7\u00e3o de destinos, o Minas Recebe, coordenado pela pasta, al\u00e9m de trocar experi\u00eancias com outras entidades.<\/p>\n<p>Com a retomada gradual das atividades tur\u00edsticas, Minas Gerais tem se destacado como o principal destino para turistas no pa\u00eds, superando praias e outros roteiros mais conhecidos. Em pesquisa divulgada pelo IBGE, em agosto, o estado apresentou crescimento de 19,7% nas atividades do setor. O \u00edndice de Minas \u00e9 o maior entre todos os estados e o Distrito Federal estando, tamb\u00e9m, acima da m\u00e9dia nacional, que teve crescimento de 11,9% no per\u00edodo. Em rela\u00e7\u00e3o \u00e0 receita com turismo no mesmo per\u00edodo, os meses de maio e junho, Minas Gerais tamb\u00e9m apresentou o melhor resultado entre os estados. As atividades tur\u00edsticas em terras mineiras tiveram crescimento de 26% nestes meses, superior aos resultados de outros estados, como Santa Catarina (12,1%) e Bahia (11,4%) e tamb\u00e9m ao resultado nacional, que foi de 6,2%.<\/p>\n<p><strong>Destaques de Minas<\/strong><\/p>\n<p>A tradi\u00e7\u00e3o, a cultura, a cozinha e o jeito \u00fanico de seu povo fazem de Minas Gerais um dos dez destinos mais acolhedores do mundo, segundo o ranking global da premia\u00e7\u00e3o Traveller Review Awards 2021 da plataforma de reservas on-line Booking.com. Esta \u00e9 a primeira vez que uma localidade brasileira est\u00e1 presente na lista das Regi\u00f5es Mais Acolhedoras no Mundo. De acordo com a premia\u00e7\u00e3o Travellers Review Awards 2021, da tamb\u00e9m da Booking.com, Minas Gerais abriga tr\u00eas das 10 regi\u00f5es mais acolhedoras do Brasil. De acordo com a lista divulgada, Monte Verde, no Sul de Minas, aparece em segundo lugar. J\u00e1 Lavras Novas, distrito de Ouro Preto, na regi\u00e3o central, est\u00e1 na s\u00e9tima posi\u00e7\u00e3o. Quem fecha o rol dos locais mais acolhedores do pa\u00eds, ocupante do 10\u00ba lugar, \u00e9 a Serra do Cip\u00f3, compreendida pelo munic\u00edpio de Santana do Riacho, tamb\u00e9m na regi\u00e3o central de Minas Gerais.<\/p>\n<p>S\u00e3o Bartolomeu, distrito de Ouro Preto, foi um dos tr\u00eas destinos brasileiros selecionados pelo Minist\u00e9rio do Turismo (MTur) para participar do concurso &#8220;Melhores Vilas Tur\u00edsticas do Mundo&#8221;, promovido pela Organiza\u00e7\u00e3o Mundial do Turismo (OMT), ag\u00eancia das Na\u00e7\u00f5es Unidas.<\/p>\n<p>Minas segue \u00e0 frente tamb\u00e9m com a cria\u00e7\u00e3o de uma representa\u00e7\u00e3o no exterior, em Portugal, integrando a Campanha Minas para o Mundo, a\u00e7\u00e3o do Programa Reviva Turismo. O ponto de partida para promover o destino Minas Gerais em terras estrangeiras come\u00e7a com o projeto Via Liberdade, rota tur\u00edstica e cultural que ir\u00e1 se estender pela BR-040, ligando as belezas, as hist\u00f3rias, a cultura e a arte de Minas Gerais, Rio de Janeiro, Goi\u00e1s e Distrito Federal. Al\u00e9m de comemorar o bicenten\u00e1rio de independ\u00eancia do Brasil, o projeto celebra os 100 anos da Semana de Arte Moderna, em 2022.<\/p>\n<p>Minas tamb\u00e9m comemora a elei\u00e7\u00e3o do aeroporto internacional de Confins como o melhor do pa\u00eds na Pesquisa Nacional de Satisfa\u00e7\u00e3o de Passageiros e Desempenho Aeroportu\u00e1rio de agosto de 2021.<\/p>\n<p>A Secult desenvolve o Programa Reviva Turismo, que possui quatro eixos estrat\u00e9gicos: biosseguran\u00e7a, estrutura\u00e7\u00e3o, capacita\u00e7\u00e3o e marketing do destino Minas Gerais. O programa recebeu recentemente novo aporte, de R$ 25 milh\u00f5es, destinados a\u00a0<a href=\"https:\/\/www.secult.mg.gov.br\/documentos\/edital-reviva-turismo\" target=\"_blank\" rel=\"noopener\">edital para projetos voltados \u00e0 promo\u00e7\u00e3o tur\u00edstica<\/a>\u00a0e a a\u00e7\u00f5es que estimulem a competitividade no mercado.<\/p>\n<p>O Programa Minas Recebe, iniciativa da Secult elaborada para apoiar a comercializa\u00e7\u00e3o dos servi\u00e7os e produtos tur\u00edsticos oferecidos pelas ag\u00eancias e operadoras de turismo receptivo do estado, tamb\u00e9m ser\u00e1 apresentado aos participantes da 48\u00aa Abav Expo &amp; Collab.<\/p>\n<p>Durante a realiza\u00e7\u00e3o da feira, t\u00e9cnicos da Superintend\u00eancia de Marketing Tur\u00edstico da Secult estar\u00e3o presentes no local para apresentar as iniciativas da Pasta para a promo\u00e7\u00e3o do Destino Minas em todo o pa\u00eds. Os profissionais da Secult tamb\u00e9m estar\u00e3o dispon\u00edveis para atendimento em um estande virtual, oferecendo informa\u00e7\u00f5es sobre Minas Gerais e disponibilizando conte\u00fados de divulga\u00e7\u00e3o do estado.<\/p>\n<p>A 48\u00aa Abav Expo &amp; Collab \u00e9 realizada pela Associa\u00e7\u00e3o Brasileira de Ag\u00eancias de Viagem (Abav), entidade nacional presente em 26 estados e no Distrito Federal. A edi\u00e7\u00e3o 2021 se estende at\u00e9 o dia 8\/10,\u00a0reunindo toda a cadeia tur\u00edstica em um momento de fortalecimento e prepara\u00e7\u00e3o para a retomada do setor. Outras informa\u00e7\u00f5es sobre a feira est\u00e3o dispon\u00edveis\u00a0<a href=\"https:\/\/www.abavexpo.com.br\/\" target=\"_blank\" rel=\"noopener\">aqui<\/a>.<\/p>\n<p><span style=\"font-weight: 400;\">Fonte: Ag\u00eancia Minas <\/span><\/p>\n","protected":false},"excerpt":{"rendered":"<p>Minas Gerais \u00e9 rota de destaque durante a realiza\u00e7\u00e3o da 48\u00aa Abav Expo &amp; Collab. A feira, iniciada nesta quarta-feira (6\/10), em Fortaleza (CE), em formato h\u00edbrido, \u00e9 um dos maiores e mais importantes eventos de Turismo de Neg\u00f3cios na Am\u00e9rica Latina e re\u00fane representantes de diferentes segmentos do trade tur\u00edstico. Neste ano, a\u00a0Secretaria de [&hellip;]<\/p>\n","protected":false},"author":246,"featured_media":189311,"comment_status":"closed","ping_status":"closed","sticky":false,"template":"","format":"standard","meta":{"footnotes":""},"categories":[436,254],"tags":[],"class_list":["post-189310","post","type-post","status-publish","format-standard","has-post-thumbnail","hentry","category-destaque-da-semana","category-politica"],"_links":{"self":[{"href":"https:\/\/diarioregionaldigital.com.br\/index.php?rest_route=\/wp\/v2\/posts\/189310","targetHints":{"allow":["GET"]}}],"collection":[{"href":"https:\/\/diarioregionaldigital.com.br\/index.php?rest_route=\/wp\/v2\/posts"}],"about":[{"href":"https:\/\/diarioregionaldigital.com.br\/index.php?rest_route=\/wp\/v2\/types\/post"}],"author":[{"embeddable":true,"href":"https:\/\/diarioregionaldigital.com.br\/index.php?rest_route=\/wp\/v2\/users\/246"}],"replies":[{"embeddable":true,"href":"https:\/\/diarioregionaldigital.com.br\/index.php?rest_route=%2Fwp%2Fv2%2Fcomments&post=189310"}],"version-history":[{"count":1,"href":"https:\/\/diarioregionaldigital.com.br\/index.php?rest_route=\/wp\/v2\/posts\/189310\/revisions"}],"predecessor-version":[{"id":189312,"href":"https:\/\/diarioregionaldigital.com.br\/index.php?rest_route=\/wp\/v2\/posts\/189310\/revisions\/189312"}],"wp:featuredmedia":[{"embeddable":true,"href":"https:\/\/diarioregionaldigital.com.br\/index.php?rest_route=\/wp\/v2\/media\/189311"}],"wp:attachment":[{"href":"https:\/\/diarioregionaldigital.com.br\/index.php?rest_route=%2Fwp%2Fv2%2Fmedia&parent=189310"}],"wp:term":[{"taxonomy":"category","embeddable":true,"href":"https:\/\/diarioregionaldigital.com.br\/index.php?rest_route=%2Fwp%2Fv2%2Fcategories&post=189310"},{"taxonomy":"post_tag","embeddable":true,"href":"https:\/\/diarioregionaldigital.com.br\/index.php?rest_route=%2Fwp%2Fv2%2Ftags&post=189310"}],"curies":[{"name":"wp","href":"https:\/\/api.w.org\/{rel}","templated":true}]}}