{"id":189306,"date":"2021-10-06T18:14:36","date_gmt":"2021-10-06T21:14:36","guid":{"rendered":"https:\/\/diarioregionaldigital.com.br\/?p=189306"},"modified":"2021-10-06T18:14:36","modified_gmt":"2021-10-06T21:14:36","slug":"politicas-do-governo-de-minas-para-atracao-de-investimentos-sao-premiadas-internacionalmente","status":"publish","type":"post","link":"https:\/\/diarioregionaldigital.com.br\/?p=189306","title":{"rendered":"Pol\u00edticas do Governo de Minas para atra\u00e7\u00e3o de investimentos s\u00e3o premiadas internacionalmente"},"content":{"rendered":"<p>A\u00a0<a href=\"https:\/\/www.indi.mg.gov.br\/\" target=\"_blank\" rel=\"noopener noreferrer\">Ag\u00eancia de Promo\u00e7\u00e3o de Investimento e Com\u00e9rcio Exterior de Minas Gerais (Indi)<\/a>\u00a0teve o trabalho reconhecido por uma das maiores e mais respeitadas organiza\u00e7\u00f5es de desenvolvimento econ\u00f4mico do mundo. O Conselho Internacional de Desenvolvimento Econ\u00f4mico (IEDC) premiou duas iniciativas da atual gest\u00e3o da ag\u00eancia mineira para a atra\u00e7\u00e3o e a promo\u00e7\u00e3o de investimentos no estado.<\/p>\n<p>O pr\u00eamio, que destaca as melhores a\u00e7\u00f5es de governos e empresas para o desenvolvimento, foi entregue nessa quinta-feira (5\/10), em Nashville (EUA), durante a confer\u00eancia anual do IEDC. \u00c9 a primeira vez que uma institui\u00e7\u00e3o brasileira \u00e9 agraciada pela institui\u00e7\u00e3o. Para se ter uma ideia da relev\u00e2ncia da cerim\u00f4nia, na \u00faltima edi\u00e7\u00e3o (2020), institui\u00e7\u00f5es de peso, como Invest Atlanta, Michigan Economic Development Corporation e Toronto Global foram reconhecidas.<\/p>\n<p>O governador Romeu Zema destaca a import\u00e2ncia da premia\u00e7\u00e3o. &#8220;Esse pr\u00eamio internacional \u00e9 o reconhecimento do nosso esfor\u00e7o para destravar a economia e fazer Minas Gerais avan\u00e7ar. Em 32 meses de governo, nossa gest\u00e3o j\u00e1 atraiu R$ 136 bilh\u00f5es em investimentos e eliminou mais de 450 normas para desburocratizar a vida de quem quer investir aqui. Os resultados j\u00e1 podem ser sentidos pela popula\u00e7\u00e3o na gera\u00e7\u00e3o de emprego e renda e melhorias em diversas \u00e1reas, como sa\u00fade, seguran\u00e7a e educa\u00e7\u00e3o&#8221;, afirma.<\/p>\n<p><strong>Prata e bronze<\/strong><\/p>\n<p>O Indi conquistou a prata na categoria \u201cIniciativas de Reten\u00e7\u00e3o e Expans\u00e3o\u201d, com case sobre a\u00e7\u00f5es de promo\u00e7\u00e3o de atra\u00e7\u00e3o de investimentos relacionadas a projetos de e-commerce.<\/p>\n<p>J\u00e1 na categoria que avalia os materiais impressos de divulga\u00e7\u00e3o, o guia \u201cWhy Minas Gerais\u201d recebeu o pr\u00eamio bronze. O documento destaca os atributos que fazem de Minas Gerais um lugar \u00fanico para investir, com informa\u00e7\u00f5es estrat\u00e9gicas de setores como educa\u00e7\u00e3o, mercado de trabalho, voca\u00e7\u00f5es econ\u00f4micas regionais, infraestrutura e muito mais\u00a0Na atual gest\u00e3o, at\u00e9 aqui, o estado j\u00e1 recebeu investimentos de empresas de 19 nacionalidades diferentes.<\/p>\n<p>O secret\u00e1rio de Estado de\u00a0<a href=\"http:\/\/www.desenvolvimento.mg.gov.br\/\" target=\"_blank\" rel=\"noopener noreferrer\">Desenvolvimento Econ\u00f4mico<\/a>, Fernando Passalio, foi at\u00e9 os Estados Unidos para receber a premia\u00e7\u00e3o, juntamente com o diretor-presidente do Indi, Jo\u00e3o Paulo Braga.<\/p>\n<p>\u201cO desenvolvimento econ\u00f4mico de Minas Gerais est\u00e1 cada vez mais fortalecido. A premia\u00e7\u00e3o internacional \u00e9 resultado do trabalho s\u00e9rio e respons\u00e1vel que o Governo de Minas Gerais est\u00e1 desempenhando. Esse reconhecimento mostra que estamos no caminho certo para o crescimento e a\u00a0 gera\u00e7\u00e3o de emprego e renda. Um estado mais simples, desburocratizado e atrativo para os investidores\u201d, frisa Passalio.<\/p>\n<p>Jo\u00e3o Paulo Braga, por sua vez, destaca\u00a0 que esta gest\u00e3o do Governo do Estado conseguiu desburocratizar o ambiente de neg\u00f3cios e melhorar as condi\u00e7\u00f5es de atua\u00e7\u00e3o de empresas em v\u00e1rios setores, e lembra que os bons resultados dessa pol\u00edtica podem ser sentidos na pr\u00e1tica.<\/p>\n<p>\u201cMinas Gerais se tornou, em poucos anos, o mais importante hub do e-commerce do Brasil, com a presen\u00e7a de players nacionais e internacionais, como Nike, Mizuno, Dafiti, Amazon, Mercado Livre, Magazine Luiza, Netshoes, Privalia, entre outros. S\u00e3o empresas que fizeram grandes investimentos no Estado e est\u00e3o gerando milhares de empregos e melhoria de qualidade de vida em \u00e1reas que tinham poucas perspectivas de crescimento\u201d, observa o diretor-presidente do Indi.<\/p>\n<p>A comitiva internacional conta ainda com a participa\u00e7\u00e3o do presidente da\u00a0<a href=\"http:\/\/www.codemge.com.br\/\" target=\"_blank\" rel=\"noopener noreferrer\">Companhia de Desenvolvimento de Minas Gerais (Codemge)<\/a>, Thiago Toscano, e do gerente de comunica\u00e7\u00e3o social e institucional do Indi, Carlos Romualdo.<\/p>\n<p><strong>Sobre o IEDC<\/strong><\/p>\n<p>O Conselho de Desenvolvimento Econ\u00f4mico Internacional \u00e9 uma organiza\u00e7\u00e3o sem fins lucrativos e apartid\u00e1ria que atende a organiza\u00e7\u00f5es e ag\u00eancias de desenvolvimento econ\u00f4mico. \u00c9 a maior institui\u00e7\u00e3o desse tipo no mundo, com cerca de 5.000 integrantes, incluindo governos locais, estaduais, provinciais e federais, parcerias p\u00fablico-privadas, c\u00e2maras de com\u00e9rcio, universidades e uma variedade de outras institui\u00e7\u00f5es.<\/p>\n<p>O objetivo final dos membros \u00e9 a cria\u00e7\u00e3o de empregos de alta qualidade, o desenvolvimento de comunidades vibrantes e a melhoria da qualidade de vida em suas regi\u00f5es.<\/p>\n<p><span style=\"font-weight: 400;\">Fonte: Ag\u00eancia Minas <\/span><\/p>\n","protected":false},"excerpt":{"rendered":"<p>A\u00a0Ag\u00eancia de Promo\u00e7\u00e3o de Investimento e Com\u00e9rcio Exterior de Minas Gerais (Indi)\u00a0teve o trabalho reconhecido por uma das maiores e mais respeitadas organiza\u00e7\u00f5es de desenvolvimento econ\u00f4mico do mundo. O Conselho Internacional de Desenvolvimento Econ\u00f4mico (IEDC) premiou duas iniciativas da atual gest\u00e3o da ag\u00eancia mineira para a atra\u00e7\u00e3o e a promo\u00e7\u00e3o de investimentos no estado. O [&hellip;]<\/p>\n","protected":false},"author":246,"featured_media":189307,"comment_status":"closed","ping_status":"closed","sticky":false,"template":"","format":"standard","meta":{"footnotes":""},"categories":[436,254],"tags":[],"class_list":["post-189306","post","type-post","status-publish","format-standard","has-post-thumbnail","hentry","category-destaque-da-semana","category-politica"],"_links":{"self":[{"href":"https:\/\/diarioregionaldigital.com.br\/index.php?rest_route=\/wp\/v2\/posts\/189306","targetHints":{"allow":["GET"]}}],"collection":[{"href":"https:\/\/diarioregionaldigital.com.br\/index.php?rest_route=\/wp\/v2\/posts"}],"about":[{"href":"https:\/\/diarioregionaldigital.com.br\/index.php?rest_route=\/wp\/v2\/types\/post"}],"author":[{"embeddable":true,"href":"https:\/\/diarioregionaldigital.com.br\/index.php?rest_route=\/wp\/v2\/users\/246"}],"replies":[{"embeddable":true,"href":"https:\/\/diarioregionaldigital.com.br\/index.php?rest_route=%2Fwp%2Fv2%2Fcomments&post=189306"}],"version-history":[{"count":2,"href":"https:\/\/diarioregionaldigital.com.br\/index.php?rest_route=\/wp\/v2\/posts\/189306\/revisions"}],"predecessor-version":[{"id":189309,"href":"https:\/\/diarioregionaldigital.com.br\/index.php?rest_route=\/wp\/v2\/posts\/189306\/revisions\/189309"}],"wp:featuredmedia":[{"embeddable":true,"href":"https:\/\/diarioregionaldigital.com.br\/index.php?rest_route=\/wp\/v2\/media\/189307"}],"wp:attachment":[{"href":"https:\/\/diarioregionaldigital.com.br\/index.php?rest_route=%2Fwp%2Fv2%2Fmedia&parent=189306"}],"wp:term":[{"taxonomy":"category","embeddable":true,"href":"https:\/\/diarioregionaldigital.com.br\/index.php?rest_route=%2Fwp%2Fv2%2Fcategories&post=189306"},{"taxonomy":"post_tag","embeddable":true,"href":"https:\/\/diarioregionaldigital.com.br\/index.php?rest_route=%2Fwp%2Fv2%2Ftags&post=189306"}],"curies":[{"name":"wp","href":"https:\/\/api.w.org\/{rel}","templated":true}]}}