{"id":189296,"date":"2021-10-06T18:04:05","date_gmt":"2021-10-06T21:04:05","guid":{"rendered":"https:\/\/diarioregionaldigital.com.br\/?p=189296"},"modified":"2021-10-06T18:04:05","modified_gmt":"2021-10-06T21:04:05","slug":"cesta-basica-tem-alta-em-11-capitais-diz-dieese","status":"publish","type":"post","link":"https:\/\/diarioregionaldigital.com.br\/?p=189296","title":{"rendered":"Cesta b\u00e1sica tem alta em 11 capitais, diz Dieese"},"content":{"rendered":"<p>O custo da cesta b\u00e1sica registrou aumento em setembro na compara\u00e7\u00e3o com agosto em 11 das 17 capitais pesquisadas pelo Departamento Intersindical de Estat\u00edstica e Estudos Socioecon\u00f4micos (Dieese). Segundo o levantamento divulgado hoje (6), as maiores altas foram em Bras\u00edlia (3,88%) Campo Grande (3,53%), S\u00e3o Paulo (3,53%) e Belo Horizonte (3,49%).<img decoding=\"async\" src=\"https:\/\/agenciabrasil.ebc.com.br\/ebc.png?id=1423723&amp;o=node\" \/><img decoding=\"async\" src=\"https:\/\/agenciabrasil.ebc.com.br\/ebc.gif?id=1423723&amp;o=node\" \/><\/p>\n<p>Em rela\u00e7\u00e3o a setembro de 2020, o pre\u00e7o do conjunto de alimentos b\u00e1sicos subiu em todas as cidades pesquisadas. A eleva\u00e7\u00e3o dos valores chega a 38,56%, em Bras\u00edlia, 28%, em Campo Grande, 21,62%, em Porto Alegre, e 19,54%, em S\u00e3o Paulo.<\/p>\n<p>A capital paulista tem a cesta b\u00e1sica mais cara do pa\u00eds, custando R$ 673,45. Em Porto Alegre, o conjunto de alimentos ficou em R$ 672,39, e, em Florian\u00f3polis, R$ 662,85. As cestas mais baratas est\u00e3o na Regi\u00e3o Nordeste: Aracaju (R$ 454,03), Jo\u00e3o Pessoa (R$ 476,63) e Salvador (R$ 478,86).<\/p>\n<p>Em Jo\u00e3o Pessoa, o custo do conjunto de alimentos teve queda de 2,91% e, em Natal, de 2,9%, ficando em R$ 493,29.<\/p>\n<p>Entre os itens que puxaram as altas, est\u00e1 o a\u00e7\u00facar, que teve aumento de pre\u00e7o, em setembro, em todas as capitais, sendo que as maiores altas foram em Belo Horizonte (11,96%), Vit\u00f3ria (11%), Bras\u00edlia (9,58%) e Goi\u00e2nia (9,15%). Segundo o Dieese, a falta de chuvas afetou a produ\u00e7\u00e3o de cana-de-a\u00e7\u00facar, reduzindo a oferta do produto.<\/p>\n<p>O caf\u00e9 subiu em 16 das 17 cidades pesquisadas, com as maiores eleva\u00e7\u00f5es de pre\u00e7o em Goi\u00e2nia (15,69%), Campo Grande (14,79%), Bras\u00edlia (10,03%) e Natal (9%). O pre\u00e7o do produto tem aumentado devido a alta do d\u00f3lar, favorecendo as exporta\u00e7\u00f5es, e o clima desfavor\u00e1vel, com a geada ocorrida em julho.<\/p>\n<p>O \u00f3leo de soja teve alta em 15 capitais em setembro na compara\u00e7\u00e3o com agosto. A maior eleva\u00e7\u00e3o foi registrada em Campo Grande (3,4%). De acordo com o Dieese, o aumento est\u00e1 relacionado com crescimento das exporta\u00e7\u00f5es, especialmente para a China, devido aos problemas de escoamento da produ\u00e7\u00e3o dos Estados Unidos.<\/p>\n<p><span style=\"font-weight: 400;\">Fonte: Ag\u00eancia Brasil <\/span><\/p>\n","protected":false},"excerpt":{"rendered":"<p>O custo da cesta b\u00e1sica registrou aumento em setembro na compara\u00e7\u00e3o com agosto em 11 das 17 capitais pesquisadas pelo Departamento Intersindical de Estat\u00edstica e Estudos Socioecon\u00f4micos (Dieese). Segundo o levantamento divulgado hoje (6), as maiores altas foram em Bras\u00edlia (3,88%) Campo Grande (3,53%), S\u00e3o Paulo (3,53%) e Belo Horizonte (3,49%). Em rela\u00e7\u00e3o a setembro [&hellip;]<\/p>\n","protected":false},"author":246,"featured_media":189297,"comment_status":"closed","ping_status":"closed","sticky":false,"template":"","format":"standard","meta":{"footnotes":""},"categories":[436,261],"tags":[],"class_list":["post-189296","post","type-post","status-publish","format-standard","has-post-thumbnail","hentry","category-destaque-da-semana","category-economia"],"_links":{"self":[{"href":"https:\/\/diarioregionaldigital.com.br\/index.php?rest_route=\/wp\/v2\/posts\/189296","targetHints":{"allow":["GET"]}}],"collection":[{"href":"https:\/\/diarioregionaldigital.com.br\/index.php?rest_route=\/wp\/v2\/posts"}],"about":[{"href":"https:\/\/diarioregionaldigital.com.br\/index.php?rest_route=\/wp\/v2\/types\/post"}],"author":[{"embeddable":true,"href":"https:\/\/diarioregionaldigital.com.br\/index.php?rest_route=\/wp\/v2\/users\/246"}],"replies":[{"embeddable":true,"href":"https:\/\/diarioregionaldigital.com.br\/index.php?rest_route=%2Fwp%2Fv2%2Fcomments&post=189296"}],"version-history":[{"count":1,"href":"https:\/\/diarioregionaldigital.com.br\/index.php?rest_route=\/wp\/v2\/posts\/189296\/revisions"}],"predecessor-version":[{"id":189298,"href":"https:\/\/diarioregionaldigital.com.br\/index.php?rest_route=\/wp\/v2\/posts\/189296\/revisions\/189298"}],"wp:featuredmedia":[{"embeddable":true,"href":"https:\/\/diarioregionaldigital.com.br\/index.php?rest_route=\/wp\/v2\/media\/189297"}],"wp:attachment":[{"href":"https:\/\/diarioregionaldigital.com.br\/index.php?rest_route=%2Fwp%2Fv2%2Fmedia&parent=189296"}],"wp:term":[{"taxonomy":"category","embeddable":true,"href":"https:\/\/diarioregionaldigital.com.br\/index.php?rest_route=%2Fwp%2Fv2%2Fcategories&post=189296"},{"taxonomy":"post_tag","embeddable":true,"href":"https:\/\/diarioregionaldigital.com.br\/index.php?rest_route=%2Fwp%2Fv2%2Ftags&post=189296"}],"curies":[{"name":"wp","href":"https:\/\/api.w.org\/{rel}","templated":true}]}}