{"id":189293,"date":"2021-10-06T18:02:28","date_gmt":"2021-10-06T21:02:28","guid":{"rendered":"https:\/\/diarioregionaldigital.com.br\/?p=189293"},"modified":"2021-10-06T18:02:28","modified_gmt":"2021-10-06T21:02:28","slug":"vendas-de-veiculos-caem-102-anuncia-anfavea","status":"publish","type":"post","link":"https:\/\/diarioregionaldigital.com.br\/?p=189293","title":{"rendered":"Vendas de ve\u00edculos caem 10,2%, anuncia Anfavea"},"content":{"rendered":"<p>As vendas de ve\u00edculos automotores ca\u00edram 10,2% em setembro, alcan\u00e7ando 155,1 mil unidades ante 172,8 mil licenciadas em agosto. Na compara\u00e7\u00e3o com setembro do ano passado, quando os licenciamentos totalizaram 207,7 mil unidades, a queda foi de 25,3%.\u00a0<img decoding=\"async\" src=\"https:\/\/agenciabrasil.ebc.com.br\/ebc.png?id=1423722&amp;o=node\" \/><img decoding=\"async\" src=\"https:\/\/agenciabrasil.ebc.com.br\/ebc.gif?id=1423722&amp;o=node\" \/><\/p>\n<p>J\u00e1 no acumulado do ano, houve eleva\u00e7\u00e3o de 14,8%, com o total de 1,578 milh\u00e3o de unidades contra as 1,374 milh\u00e3o vendidas no mesmo per\u00edodo de 2020. Os dados foram divulgados hoje (6), em S\u00e3o Paulo, pela Associa\u00e7\u00e3o Nacional dos Fabricantes de Autove\u00edculos (Anfavea).<\/p>\n<p>O balan\u00e7o mostra, ainda, que a produ\u00e7\u00e3o apresentou crescimento de 5,6%, ao passar de 164 mil unidades em agosto para 173,3 mil em setembro. Entre janeiro e setembro deste ano, a produ\u00e7\u00e3o registrou aumento com 1,649 milh\u00e3o de ve\u00edculos fabricados, o que representa 24% a mais do que no mesmo per\u00edodo de 2020 (1,33 milh\u00e3o). J\u00e1 na compara\u00e7\u00e3o com setembro do ano passado, quando foram produzidos 220,2 mil autove\u00edculos, houve queda de 21,3%.<\/p>\n<p>Os dados da Anfavea indicam, tamb\u00e9m, que as exporta\u00e7\u00f5es aumentaram 33,8% no acumulado do ano com o embarque de 277 mil ve\u00edculos em 2021 ante 207 mil do ano passado, mas, na compara\u00e7\u00e3o entre setembro e agosto deste ano, a comercializa\u00e7\u00e3o de ve\u00edculos no mercado externo foi de 23,6 mil, o que representa recuo de 19,7%. Tamb\u00e9m houve queda com rela\u00e7\u00e3o a setembro do ano passado (22,5%), quando foram embarcadas 30,5 mil unidades.<\/p>\n<p><strong>Expectativas para 2021<\/strong><\/p>\n<p>Por causa da incerteza gerada pela crise dos semicondutores, a Anfavea revisou suas estimativas para 2021 e passou a trabalhar com possibilidades que dependem do abastecimento das f\u00e1bricas. Para a entidade, as vendas de novos ve\u00edculos podem variar de 2,038 milh\u00f5es a 2,118 milh\u00f5es, ou seja, com cen\u00e1rios de queda de 1% a crescimento de 3% na compara\u00e7\u00e3o com 2020.<\/p>\n<p>A produ\u00e7\u00e3o dever\u00e1 variar entre 2,129 milh\u00f5es e 2,219 milh\u00f5es, o que representar\u00e1 aumento de 6% a 10% quando comparado com o ano anterior. J\u00e1 as exporta\u00e7\u00f5es, pelas estimativas da Anfavea, ficar\u00e3o em um intervalo de 357 mil a 377 mil unidades, alta de 10% a 16%.<\/p>\n<p>\u201cNunca hav\u00edamos tido tanta dificuldade em enxergar o cen\u00e1rio em curto prazo na ind\u00fastria automotiva. A incerteza para garantir a produ\u00e7\u00e3o de ve\u00edculos \u00e9 grande com a crise de fornecimento global. Estamos presenciando uma procura por parte dos consumidores para compra de novos produtos, mas n\u00e3o temos unidades para atender\u201d, disse o presidente da Anfavea, Luiz Carlos Moraes.<\/p>\n<p><span style=\"font-weight: 400;\">Fonte: Ag\u00eancia Brasil <\/span><\/p>\n","protected":false},"excerpt":{"rendered":"<p>As vendas de ve\u00edculos automotores ca\u00edram 10,2% em setembro, alcan\u00e7ando 155,1 mil unidades ante 172,8 mil licenciadas em agosto. Na compara\u00e7\u00e3o com setembro do ano passado, quando os licenciamentos totalizaram 207,7 mil unidades, a queda foi de 25,3%.\u00a0 J\u00e1 no acumulado do ano, houve eleva\u00e7\u00e3o de 14,8%, com o total de 1,578 milh\u00e3o de unidades [&hellip;]<\/p>\n","protected":false},"author":246,"featured_media":189294,"comment_status":"closed","ping_status":"closed","sticky":false,"template":"","format":"standard","meta":{"footnotes":""},"categories":[436,261],"tags":[],"class_list":["post-189293","post","type-post","status-publish","format-standard","has-post-thumbnail","hentry","category-destaque-da-semana","category-economia"],"_links":{"self":[{"href":"https:\/\/diarioregionaldigital.com.br\/index.php?rest_route=\/wp\/v2\/posts\/189293","targetHints":{"allow":["GET"]}}],"collection":[{"href":"https:\/\/diarioregionaldigital.com.br\/index.php?rest_route=\/wp\/v2\/posts"}],"about":[{"href":"https:\/\/diarioregionaldigital.com.br\/index.php?rest_route=\/wp\/v2\/types\/post"}],"author":[{"embeddable":true,"href":"https:\/\/diarioregionaldigital.com.br\/index.php?rest_route=\/wp\/v2\/users\/246"}],"replies":[{"embeddable":true,"href":"https:\/\/diarioregionaldigital.com.br\/index.php?rest_route=%2Fwp%2Fv2%2Fcomments&post=189293"}],"version-history":[{"count":1,"href":"https:\/\/diarioregionaldigital.com.br\/index.php?rest_route=\/wp\/v2\/posts\/189293\/revisions"}],"predecessor-version":[{"id":189295,"href":"https:\/\/diarioregionaldigital.com.br\/index.php?rest_route=\/wp\/v2\/posts\/189293\/revisions\/189295"}],"wp:featuredmedia":[{"embeddable":true,"href":"https:\/\/diarioregionaldigital.com.br\/index.php?rest_route=\/wp\/v2\/media\/189294"}],"wp:attachment":[{"href":"https:\/\/diarioregionaldigital.com.br\/index.php?rest_route=%2Fwp%2Fv2%2Fmedia&parent=189293"}],"wp:term":[{"taxonomy":"category","embeddable":true,"href":"https:\/\/diarioregionaldigital.com.br\/index.php?rest_route=%2Fwp%2Fv2%2Fcategories&post=189293"},{"taxonomy":"post_tag","embeddable":true,"href":"https:\/\/diarioregionaldigital.com.br\/index.php?rest_route=%2Fwp%2Fv2%2Ftags&post=189293"}],"curies":[{"name":"wp","href":"https:\/\/api.w.org\/{rel}","templated":true}]}}