{"id":189287,"date":"2021-10-06T17:58:08","date_gmt":"2021-10-06T20:58:08","guid":{"rendered":"https:\/\/diarioregionaldigital.com.br\/?p=189287"},"modified":"2021-10-06T17:58:08","modified_gmt":"2021-10-06T20:58:08","slug":"poupanca-tem-retirada-liquida-de-r-772-bilhoes-em-setembro","status":"publish","type":"post","link":"https:\/\/diarioregionaldigital.com.br\/?p=189287","title":{"rendered":"Poupan\u00e7a tem retirada l\u00edquida de R$ 7,72 bilh\u00f5es em setembro"},"content":{"rendered":"<p>A alta da infla\u00e7\u00e3o e a proximidade do fim do aux\u00edlio emergencial fizeram a aplica\u00e7\u00e3o financeira mais tradicional dos brasileiros registrar o segundo m\u00eas seguido de retiradas. Em setembro, os brasileiros sacaram R$ 7,72 bilh\u00f5es a mais do que depositaram na caderneta de poupan\u00e7a, informou hoje (6) o Banco Central (BC).<img decoding=\"async\" src=\"https:\/\/agenciabrasil.ebc.com.br\/ebc.png?id=1423761&amp;o=node\" \/><img decoding=\"async\" src=\"https:\/\/agenciabrasil.ebc.com.br\/ebc.gif?id=1423761&amp;o=node\" \/><\/p>\n<p>Essa foi a maior retirada l\u00edquida registrada para meses de setembro desde o in\u00edcio da s\u00e9rie hist\u00f3rica, em 1995. Na compara\u00e7\u00e3o m\u00eas a m\u00eas, a retirada foi a maior desde janeiro deste ano, quando os saques tinham superado os dep\u00f3sitos em R$ 18,15 bilh\u00f5es.<\/p>\n<p>Com o desempenho de setembro, a poupan\u00e7a acumula retirada l\u00edquida de R$ 23,35 bilh\u00f5es nos nove primeiros meses do ano. Essa \u00e9 a maior retirada acumulada para o per\u00edodo desde 2016, quando os saques tinham superado os dep\u00f3sitos em R$ 50,54 bilh\u00f5es.<\/p>\n<p>No ano passado, a poupan\u00e7a tinha captado R$ 166,31 bilh\u00f5es em recursos, o maior valor anual da s\u00e9rie hist\u00f3rica. Al\u00e9m do dep\u00f3sito do aux\u00edlio emergencial nas contas poupan\u00e7a digitais ao longo de oito meses em 2020, a instabilidade no mercado de t\u00edtulos p\u00fablicos nas fases mais agudas da pandemia da covid-19 atraiu o interesse na poupan\u00e7a, mesmo com a aplica\u00e7\u00e3o rendendo menos que a infla\u00e7\u00e3o.<\/p>\n<p><strong>Rendimento<\/strong><\/p>\n<p>Com rendimento de 70% da Taxa Selic (juros b\u00e1sicos da economia), a poupan\u00e7a rendeu apenas 2,02% nos 12 meses terminados em setembro, segundo o Banco Central. No mesmo per\u00edodo, o\u00a0<a href=\"https:\/\/agenciabrasil.ebc.com.br\/economia\/noticia\/2021-09\/previa-da-inflacao-oficial-sobe-para-114-em-setembro\" target=\"_blank\" rel=\"noopener\">\u00cdndice Nacional de Pre\u00e7os ao Consumidor Amplo-15 (IPCA-15)<\/a>, considerado pr\u00e9via da infla\u00e7\u00e3o, atingiu 10,59%.<\/p>\n<p>O IPCA cheio de setembro ser\u00e1 divulgado na pr\u00f3xima sexta-feira (8) pelo Instituto Brasileiro de Geografia e Estat\u00edstica (IBGE).<\/p>\n<p>Mesmo rendendo mais nos \u00faltimos meses, a poupan\u00e7a continua a perder da infla\u00e7\u00e3o, por causa de dois fatores. O primeiro s\u00e3o os juros reais negativos (abaixo da infla\u00e7\u00e3o). Recentemente, a taxa Selic (juros b\u00e1sicos da economia) foi elevada para 6,25% ao ano. O segundo fator foi a alta nos pre\u00e7os dos alimentos, dos combust\u00edveis, da energia el\u00e9trica e do d\u00f3lar, que continuar\u00e3o a pressionar a infla\u00e7\u00e3o no segundo semestre.<\/p>\n<p>Para este ano,\u00a0<a href=\"https:\/\/agenciabrasil.ebc.com.br\/economia\/noticia\/2021-10\/mercado-financeiro-eleva-projecao-da-inflacao-para-851\" target=\"_blank\" rel=\"noopener\">o boletim Focus<\/a>, pesquisa com institui\u00e7\u00f5es financeiras divulgada pelo Banco Central, prev\u00ea infla\u00e7\u00e3o oficial de 8,51% pelo IPCA. Com a atual f\u00f3rmula, a poupan\u00e7a renderia pouco menos de 4,375% este ano, caso a Selic permanecesse em 6,25% durante todo o ano. O rendimento pode ser um pouco maior caso o Banco Central continue a aumentar a taxa Selic nas pr\u00f3ximas reuni\u00f5es do Comit\u00ea de Pol\u00edtica Monet\u00e1ria (Copom).<\/p>\n<p><span style=\"font-weight: 400;\">Fonte: Ag\u00eancia Brasil <\/span><\/p>\n","protected":false},"excerpt":{"rendered":"<p>A alta da infla\u00e7\u00e3o e a proximidade do fim do aux\u00edlio emergencial fizeram a aplica\u00e7\u00e3o financeira mais tradicional dos brasileiros registrar o segundo m\u00eas seguido de retiradas. Em setembro, os brasileiros sacaram R$ 7,72 bilh\u00f5es a mais do que depositaram na caderneta de poupan\u00e7a, informou hoje (6) o Banco Central (BC). Essa foi a maior [&hellip;]<\/p>\n","protected":false},"author":246,"featured_media":189288,"comment_status":"closed","ping_status":"closed","sticky":false,"template":"","format":"standard","meta":{"footnotes":""},"categories":[436,440,261],"tags":[],"class_list":["post-189287","post","type-post","status-publish","format-standard","has-post-thumbnail","hentry","category-destaque-da-semana","category-destaques-do-dia","category-economia"],"_links":{"self":[{"href":"https:\/\/diarioregionaldigital.com.br\/index.php?rest_route=\/wp\/v2\/posts\/189287","targetHints":{"allow":["GET"]}}],"collection":[{"href":"https:\/\/diarioregionaldigital.com.br\/index.php?rest_route=\/wp\/v2\/posts"}],"about":[{"href":"https:\/\/diarioregionaldigital.com.br\/index.php?rest_route=\/wp\/v2\/types\/post"}],"author":[{"embeddable":true,"href":"https:\/\/diarioregionaldigital.com.br\/index.php?rest_route=\/wp\/v2\/users\/246"}],"replies":[{"embeddable":true,"href":"https:\/\/diarioregionaldigital.com.br\/index.php?rest_route=%2Fwp%2Fv2%2Fcomments&post=189287"}],"version-history":[{"count":1,"href":"https:\/\/diarioregionaldigital.com.br\/index.php?rest_route=\/wp\/v2\/posts\/189287\/revisions"}],"predecessor-version":[{"id":189289,"href":"https:\/\/diarioregionaldigital.com.br\/index.php?rest_route=\/wp\/v2\/posts\/189287\/revisions\/189289"}],"wp:featuredmedia":[{"embeddable":true,"href":"https:\/\/diarioregionaldigital.com.br\/index.php?rest_route=\/wp\/v2\/media\/189288"}],"wp:attachment":[{"href":"https:\/\/diarioregionaldigital.com.br\/index.php?rest_route=%2Fwp%2Fv2%2Fmedia&parent=189287"}],"wp:term":[{"taxonomy":"category","embeddable":true,"href":"https:\/\/diarioregionaldigital.com.br\/index.php?rest_route=%2Fwp%2Fv2%2Fcategories&post=189287"},{"taxonomy":"post_tag","embeddable":true,"href":"https:\/\/diarioregionaldigital.com.br\/index.php?rest_route=%2Fwp%2Fv2%2Ftags&post=189287"}],"curies":[{"name":"wp","href":"https:\/\/api.w.org\/{rel}","templated":true}]}}