{"id":189280,"date":"2021-10-05T13:56:55","date_gmt":"2021-10-05T16:56:55","guid":{"rendered":"https:\/\/diarioregionaldigital.com.br\/?p=189280"},"modified":"2021-10-05T13:56:55","modified_gmt":"2021-10-05T16:56:55","slug":"procon-divulga-pesquisa-de-precos-de-medicamentos","status":"publish","type":"post","link":"https:\/\/diarioregionaldigital.com.br\/?p=189280","title":{"rendered":"Procon divulga pesquisa de pre\u00e7os de medicamentos"},"content":{"rendered":"<div id=\"box_texto_noticia\">Com o objetivo de informar os consumidores quanto \u00e0s varia\u00e7\u00f5es de pre\u00e7os dos medicamentos prescritos com mais frequ\u00eancia pelo sistema p\u00fablico de sa\u00fade, a Ag\u00eancia de Prote\u00e7\u00e3o e Defesa do Consumidor (Procon\/JF) da Prefeitura de Juiz de Fora (PJF), realizou pesquisa entre os dias 20 e 30 de setembro.<\/p>\n<p>Segundo informa\u00e7\u00f5es do site da Prefeitura de Juiz de Fora, a metodologia utilizada para embasar a pesquisa, contou com levantamento de dados junto \u00e0 Secretaria de Sa\u00fade da cidade de Juiz de Fora com o intuito de saber quais s\u00e3o os medicamentos mais utilizados pela popula\u00e7\u00e3o e encaminhou e-mail para os estabelecimentos selecionados enviando a carta convite, para participa\u00e7\u00e3o da pesquisa, bem como tabela com a rela\u00e7\u00e3o de medicamentos. Dentre as diversas marcas comercializadas, foram pesquisados somente os valores do medicamento de refer\u00eancia e o gen\u00e9rico de menor pre\u00e7o.<\/p>\n<p>Foram pesquisados pre\u00e7os de 25 medicamentos em seis dos 322 estabelecimentos farmac\u00eauticos da cidade. O pre\u00e7o dos medicamentos originais tiveram uma m\u00e9dia de 38,08% de diferen\u00e7a de pre\u00e7o de um laborat\u00f3rio para outro, com diferen\u00e7a de at\u00e9 79% no pre\u00e7o para o medicamento Alendronato de S\u00f3dio, indicado para o tratamento de osteoporose.<\/p>\n<p>Comparando-se os pre\u00e7os m\u00e9dios dos gen\u00e9ricos com os medicamentos de refer\u00eancia de mesma apresenta\u00e7\u00e3o, constatou-se que, em m\u00e9dia, s\u00e3o 61,68% mais baratos do que os de refer\u00eancia, o que pode representar consider\u00e1vel economia ao bolso do consumidor.<\/p>\n<p>A gerente do Departamento de Estudos, Pesquisas e Projetos (DEPP), Fab\u00edola Meirelles, refor\u00e7a a import\u00e2ncia de pesquisar sempre os pre\u00e7os antes de comprar. \u201cAs pesquisas de pre\u00e7o s\u00e3o a\u00e7\u00f5es cont\u00ednuas do Departamento, com vistas a prestar o maior n\u00famero de informa\u00e7\u00f5es poss\u00edveis aos consumidores. Por meio da primeira pesquisa de pre\u00e7o de medicamentos de 2021, conseguimos constatar uma relevante diferen\u00e7a nos valores praticados. Considerando as diferen\u00e7as constatadas orientamos que o consumidor realize pesquisa de pre\u00e7o constantemente para fazer as melhores escolhas.\u201d<\/p>\n<p><a href=\"https:\/\/www.pjf.mg.gov.br\/administracao_indireta\/procon\/pesquisas\/arquivos\/pesquisa-medicamentos.pdf\"><b>Confira a pesquisa completa.<\/b><\/a><\/p>\n<\/div>\n<p>&nbsp;<\/p>\n<div id=\"box_compartilhar\" align=\"right\"><\/div>\n","protected":false},"excerpt":{"rendered":"<p>Com o objetivo de informar os consumidores quanto \u00e0s varia\u00e7\u00f5es de pre\u00e7os dos medicamentos prescritos com mais frequ\u00eancia pelo sistema p\u00fablico de sa\u00fade, a Ag\u00eancia de Prote\u00e7\u00e3o e Defesa do Consumidor (Procon\/JF) da Prefeitura de Juiz de Fora (PJF), realizou pesquisa entre os dias 20 e 30 de setembro. Segundo informa\u00e7\u00f5es do site da Prefeitura [&hellip;]<\/p>\n","protected":false},"author":246,"featured_media":189281,"comment_status":"closed","ping_status":"closed","sticky":false,"template":"","format":"standard","meta":{"footnotes":""},"categories":[253,436],"tags":[],"class_list":["post-189280","post","type-post","status-publish","format-standard","has-post-thumbnail","hentry","category-cidade","category-destaque-da-semana"],"_links":{"self":[{"href":"https:\/\/diarioregionaldigital.com.br\/index.php?rest_route=\/wp\/v2\/posts\/189280","targetHints":{"allow":["GET"]}}],"collection":[{"href":"https:\/\/diarioregionaldigital.com.br\/index.php?rest_route=\/wp\/v2\/posts"}],"about":[{"href":"https:\/\/diarioregionaldigital.com.br\/index.php?rest_route=\/wp\/v2\/types\/post"}],"author":[{"embeddable":true,"href":"https:\/\/diarioregionaldigital.com.br\/index.php?rest_route=\/wp\/v2\/users\/246"}],"replies":[{"embeddable":true,"href":"https:\/\/diarioregionaldigital.com.br\/index.php?rest_route=%2Fwp%2Fv2%2Fcomments&post=189280"}],"version-history":[{"count":1,"href":"https:\/\/diarioregionaldigital.com.br\/index.php?rest_route=\/wp\/v2\/posts\/189280\/revisions"}],"predecessor-version":[{"id":189282,"href":"https:\/\/diarioregionaldigital.com.br\/index.php?rest_route=\/wp\/v2\/posts\/189280\/revisions\/189282"}],"wp:featuredmedia":[{"embeddable":true,"href":"https:\/\/diarioregionaldigital.com.br\/index.php?rest_route=\/wp\/v2\/media\/189281"}],"wp:attachment":[{"href":"https:\/\/diarioregionaldigital.com.br\/index.php?rest_route=%2Fwp%2Fv2%2Fmedia&parent=189280"}],"wp:term":[{"taxonomy":"category","embeddable":true,"href":"https:\/\/diarioregionaldigital.com.br\/index.php?rest_route=%2Fwp%2Fv2%2Fcategories&post=189280"},{"taxonomy":"post_tag","embeddable":true,"href":"https:\/\/diarioregionaldigital.com.br\/index.php?rest_route=%2Fwp%2Fv2%2Ftags&post=189280"}],"curies":[{"name":"wp","href":"https:\/\/api.w.org\/{rel}","templated":true}]}}