{"id":189271,"date":"2021-10-05T13:50:50","date_gmt":"2021-10-05T16:50:50","guid":{"rendered":"https:\/\/diarioregionaldigital.com.br\/?p=189271"},"modified":"2021-10-05T13:50:50","modified_gmt":"2021-10-05T16:50:50","slug":"pjf-apresenta-ao-legislativo-o-projeto-da-lei-orcamentaria-anual-2022","status":"publish","type":"post","link":"https:\/\/diarioregionaldigital.com.br\/?p=189271","title":{"rendered":"PJF apresenta ao legislativo o projeto da Lei Or\u00e7ament\u00e1ria Anual 2022"},"content":{"rendered":"<p>A Prefeitura de Juiz de Fora (PJF) apresentou nesta sexta-feira, 1\u00ba, o projeto da Lei Or\u00e7ament\u00e1ria Anual (LOA) \u00e0 C\u00e2mara Municipal de Juiz de Fora. O documento apresenta um planejamento financeiro para o pr\u00f3ximo ano, o qual cont\u00e9m o indicativo de quanto e onde o dinheiro p\u00fablico dever\u00e1 ser gasto no per\u00edodo de um ano, com base no valor total arrecadado pelos impostos. O Poder Executivo \u00e9 o autor da proposta, e o Poder Legislativo precisa transform\u00e1-la em lei.<\/p>\n<p>Segundo informa\u00e7\u00f5es do site da Prefeitura de Juiz de Fora, esse or\u00e7amento foi feito com a participa\u00e7\u00e3o popular, atrav\u00e9s do Plano Plurianual (PPA) previsto para os pr\u00f3ximos quatro anos. Nele, cont\u00e9m tamb\u00e9m o planejamento da LOA, referente a 2022. De acordo com Martvs das Chagas, secret\u00e1rio de Planejamento do Territ\u00f3rio e Participa\u00e7\u00e3o Popular (Seppop). \u201cCriamos a possibilidade da popula\u00e7\u00e3o opinar diretamente sobre as a\u00e7\u00f5es que deveriam ser implementadas pela gest\u00e3o municipal. Acreditamos que estamos cumprindo com a nossa tarefa e a c\u00e2mara ter\u00e1 o prazo constitucional para fazer a an\u00e1lise dessa LOA, fazer as mudan\u00e7as necess\u00e1rias para termos as condi\u00e7\u00f5es de aprov\u00e1-la e iniciamos o ano que vem com a garantia do compromisso que elegeu a prefeita Margarida.\u201d<\/p>\n<p>Em n\u00fameros, \u00e9 prevista uma arrecada\u00e7\u00e3o no valor de R$ 1.093.104.804,70. A secret\u00e1ria da Fazenda, Fernanda Finotti, explica que \u201ct\u00ednhamos d\u00e9ficit estimado em R$ 70 milh\u00f5es, que hoje, para se cumprir at\u00e9 o fim do ano, chega a R$ 16 milh\u00f5es de super\u00e1vit. Ent\u00e3o a gente sai de uma falta, para um ac\u00famulo, mesmo com a implementa\u00e7\u00e3o dos programas do governo.\u201d<\/p>\n<p>A Fazenda municipal apresentou que a expectativa para 2022 \u00e9 de que haja um crescimento de 10% dos recursos dispon\u00edveis do executivo e uma execu\u00e7\u00e3o melhor se comparada a 2021. Fernanda ressalta ainda o objetivo por parte da secretaria: \u201cO objetivo \u00e9 gastar 100% dos recursos carimbados, que s\u00e3o aqueles com destina\u00e7\u00e3o espec\u00edfica, e economizar os recursos do tesouro. Dentro dos pagamentos regulares da PJF, nossa preocupa\u00e7\u00e3o \u00e9 pagar em dia o sal\u00e1rio dos prestadores de servi\u00e7o. Por lei, podemos chegar a at\u00e9 50% de tudo que arrecadamos com esse pagamento, mas estamos bem abaixo. A nossa folha chega a ser 35%, mais a previd\u00eancia, que chega a 10%. Est\u00e1 tudo muito bem controlado e assim esperamos que seja ao longo de todo ano que vem, conforme a LOA que estamos submetendo \u00e0 c\u00e2mara.\u201d<\/p>\n","protected":false},"excerpt":{"rendered":"<p>A Prefeitura de Juiz de Fora (PJF) apresentou nesta sexta-feira, 1\u00ba, o projeto da Lei Or\u00e7ament\u00e1ria Anual (LOA) \u00e0 C\u00e2mara Municipal de Juiz de Fora. O documento apresenta um planejamento financeiro para o pr\u00f3ximo ano, o qual cont\u00e9m o indicativo de quanto e onde o dinheiro p\u00fablico dever\u00e1 ser gasto no per\u00edodo de um ano, [&hellip;]<\/p>\n","protected":false},"author":246,"featured_media":189272,"comment_status":"closed","ping_status":"closed","sticky":false,"template":"","format":"standard","meta":{"footnotes":""},"categories":[253,436,440],"tags":[],"class_list":["post-189271","post","type-post","status-publish","format-standard","has-post-thumbnail","hentry","category-cidade","category-destaque-da-semana","category-destaques-do-dia"],"_links":{"self":[{"href":"https:\/\/diarioregionaldigital.com.br\/index.php?rest_route=\/wp\/v2\/posts\/189271","targetHints":{"allow":["GET"]}}],"collection":[{"href":"https:\/\/diarioregionaldigital.com.br\/index.php?rest_route=\/wp\/v2\/posts"}],"about":[{"href":"https:\/\/diarioregionaldigital.com.br\/index.php?rest_route=\/wp\/v2\/types\/post"}],"author":[{"embeddable":true,"href":"https:\/\/diarioregionaldigital.com.br\/index.php?rest_route=\/wp\/v2\/users\/246"}],"replies":[{"embeddable":true,"href":"https:\/\/diarioregionaldigital.com.br\/index.php?rest_route=%2Fwp%2Fv2%2Fcomments&post=189271"}],"version-history":[{"count":1,"href":"https:\/\/diarioregionaldigital.com.br\/index.php?rest_route=\/wp\/v2\/posts\/189271\/revisions"}],"predecessor-version":[{"id":189273,"href":"https:\/\/diarioregionaldigital.com.br\/index.php?rest_route=\/wp\/v2\/posts\/189271\/revisions\/189273"}],"wp:featuredmedia":[{"embeddable":true,"href":"https:\/\/diarioregionaldigital.com.br\/index.php?rest_route=\/wp\/v2\/media\/189272"}],"wp:attachment":[{"href":"https:\/\/diarioregionaldigital.com.br\/index.php?rest_route=%2Fwp%2Fv2%2Fmedia&parent=189271"}],"wp:term":[{"taxonomy":"category","embeddable":true,"href":"https:\/\/diarioregionaldigital.com.br\/index.php?rest_route=%2Fwp%2Fv2%2Fcategories&post=189271"},{"taxonomy":"post_tag","embeddable":true,"href":"https:\/\/diarioregionaldigital.com.br\/index.php?rest_route=%2Fwp%2Fv2%2Ftags&post=189271"}],"curies":[{"name":"wp","href":"https:\/\/api.w.org\/{rel}","templated":true}]}}