{"id":189268,"date":"2021-10-05T13:46:53","date_gmt":"2021-10-05T16:46:53","guid":{"rendered":"https:\/\/diarioregionaldigital.com.br\/?p=189268"},"modified":"2021-10-05T13:46:53","modified_gmt":"2021-10-05T16:46:53","slug":"atp-vai-investigar-alegacoes-de-abuso-de-zverev-contra-ex-namorada","status":"publish","type":"post","link":"https:\/\/diarioregionaldigital.com.br\/?p=189268","title":{"rendered":"ATP vai investigar alega\u00e7\u00f5es de abuso de Zverev contra ex-namorada"},"content":{"rendered":"<p>A Associa\u00e7\u00e3o de Tenistas Profissionais (ATP) iniciou uma investiga\u00e7\u00e3o interna sobre alega\u00e7\u00f5es de abuso dom\u00e9stico do tenista alem\u00e3o Alexander Zverev feitas por sua ex-namorada Olga Sharypova, informou a entidade em um comunicado nesta segunda-feira.<img decoding=\"async\" src=\"https:\/\/agenciabrasil.ebc.com.br\/ebc.png?id=1423498&amp;o=node\" \/><img decoding=\"async\" src=\"https:\/\/agenciabrasil.ebc.com.br\/ebc.gif?id=1423498&amp;o=node\" \/><\/p>\n<p>Em uma entrevista de 25 de agosto \u00e0 revista digital Slate, a ex-tenista Sharypova disse que Zverev a abusou emocional e fisicamente durante o relacionamento entre ambos.<\/p>\n<p>O n\u00famero quatro do mundo e medalhista ol\u00edmpico negou v\u00e1rias vezes as alega\u00e7\u00f5es, e n\u00e3o foi alvo de nenhuma acusa\u00e7\u00e3o.<\/p>\n<p>&#8220;Sempre apoiei totalmente a cria\u00e7\u00e3o de uma pol\u00edtica da ATP contra abuso dom\u00e9stico&#8221;, disse Zverev em um comunicado nesta segunda-feira (4).\u00a0&#8220;Al\u00e9m disso, aplaudo a investiga\u00e7\u00e3o da ATP sobre a quest\u00e3o e venho pedindo \u00e0 ATP que inicie uma investiga\u00e7\u00e3o independente h\u00e1 meses.&#8221;<\/p>\n<p>Zverev, de 24 anos, negou &#8220;categ\u00f3rica e inequivocamente&#8221; ter abusado de Sharypova, e no dia 27 de agosto disse que seus advogados iniciaram um processo contra a autora das alega\u00e7\u00f5es.<\/p>\n<p>A Slate emitiu um comunicado dizendo que mant\u00e9m sua &#8220;reportagem justa e minuciosa&#8221;.<\/p>\n<p>A ATP disse que uma investiga\u00e7\u00e3o interna a respeito das alega\u00e7\u00f5es sobre Zverev no Masters 1000 de Xangai de 2019 est\u00e1 &#8220;em andamento atualmente&#8221;.<\/p>\n<p>&#8220;As alega\u00e7\u00f5es feitas contra Alexander Zverev s\u00e3o graves e temos a responsabilidade de tratar delas&#8221;, disse o executivo-chefe da ATP, Massimo Calvelli, em um comunicado.<\/p>\n<p><span style=\"font-weight: 400;\">Fonte: Ag\u00eancia Brasil <\/span><\/p>\n","protected":false},"excerpt":{"rendered":"<p>A Associa\u00e7\u00e3o de Tenistas Profissionais (ATP) iniciou uma investiga\u00e7\u00e3o interna sobre alega\u00e7\u00f5es de abuso dom\u00e9stico do tenista alem\u00e3o Alexander Zverev feitas por sua ex-namorada Olga Sharypova, informou a entidade em um comunicado nesta segunda-feira. Em uma entrevista de 25 de agosto \u00e0 revista digital Slate, a ex-tenista Sharypova disse que Zverev a abusou emocional e [&hellip;]<\/p>\n","protected":false},"author":246,"featured_media":189269,"comment_status":"closed","ping_status":"closed","sticky":false,"template":"","format":"standard","meta":{"footnotes":""},"categories":[436,257],"tags":[],"class_list":["post-189268","post","type-post","status-publish","format-standard","has-post-thumbnail","hentry","category-destaque-da-semana","category-esporte"],"_links":{"self":[{"href":"https:\/\/diarioregionaldigital.com.br\/index.php?rest_route=\/wp\/v2\/posts\/189268","targetHints":{"allow":["GET"]}}],"collection":[{"href":"https:\/\/diarioregionaldigital.com.br\/index.php?rest_route=\/wp\/v2\/posts"}],"about":[{"href":"https:\/\/diarioregionaldigital.com.br\/index.php?rest_route=\/wp\/v2\/types\/post"}],"author":[{"embeddable":true,"href":"https:\/\/diarioregionaldigital.com.br\/index.php?rest_route=\/wp\/v2\/users\/246"}],"replies":[{"embeddable":true,"href":"https:\/\/diarioregionaldigital.com.br\/index.php?rest_route=%2Fwp%2Fv2%2Fcomments&post=189268"}],"version-history":[{"count":1,"href":"https:\/\/diarioregionaldigital.com.br\/index.php?rest_route=\/wp\/v2\/posts\/189268\/revisions"}],"predecessor-version":[{"id":189270,"href":"https:\/\/diarioregionaldigital.com.br\/index.php?rest_route=\/wp\/v2\/posts\/189268\/revisions\/189270"}],"wp:featuredmedia":[{"embeddable":true,"href":"https:\/\/diarioregionaldigital.com.br\/index.php?rest_route=\/wp\/v2\/media\/189269"}],"wp:attachment":[{"href":"https:\/\/diarioregionaldigital.com.br\/index.php?rest_route=%2Fwp%2Fv2%2Fmedia&parent=189268"}],"wp:term":[{"taxonomy":"category","embeddable":true,"href":"https:\/\/diarioregionaldigital.com.br\/index.php?rest_route=%2Fwp%2Fv2%2Fcategories&post=189268"},{"taxonomy":"post_tag","embeddable":true,"href":"https:\/\/diarioregionaldigital.com.br\/index.php?rest_route=%2Fwp%2Fv2%2Ftags&post=189268"}],"curies":[{"name":"wp","href":"https:\/\/api.w.org\/{rel}","templated":true}]}}