{"id":189264,"date":"2021-10-05T13:45:29","date_gmt":"2021-10-05T16:45:29","guid":{"rendered":"https:\/\/diarioregionaldigital.com.br\/?p=189264"},"modified":"2021-10-05T13:45:29","modified_gmt":"2021-10-05T16:45:29","slug":"eliminatorias-jogadores-nacionais-se-juntam-a-selecao-em-bogota","status":"publish","type":"post","link":"https:\/\/diarioregionaldigital.com.br\/?p=189264","title":{"rendered":"Eliminat\u00f3rias: jogadores nacionais se juntam \u00e0 sele\u00e7\u00e3o em Bogot\u00e1"},"content":{"rendered":"<p>Cinco jogadores que atuam em times brasileiros se apresentaram nesta segunda-feira (4) \u00e0 sele\u00e7\u00e3o brasileira em Bogot\u00e1 (Col\u00f4mbia), onde ocorrer\u00e1 a fase preparat\u00f3ria para os pr\u00f3ximos tr\u00eas jogos das\u00a0<a href=\"https:\/\/agenciabrasil.ebc.com.br\/esportes\/tabelas\/eliminatorias-america-do-sul-2022.html\">Eliminat\u00f3rias da Copa do Mundo<\/a>\u00a0do Catar, o primeiro deles j\u00e1 nesta quinta (7), contra a Venezuela, \u00e0s 20h30 (hor\u00e1rio de Bras\u00edlia), na capital Caracas. O jogo ter\u00e1 transmiss\u00e3o ao vivo da\u00a0<a href=\"https:\/\/radios.ebc.com.br\/radionacional\"><strong>R\u00e1dio Nacional<\/strong><\/a>, com narra\u00e7\u00e3o de\u00a0Andr\u00e9 Marques, coment\u00e1rios de\u00a0Waldir Luiz e plant\u00e3o de not\u00edcias com\u00a0Bruno Mendes.<img decoding=\"async\" src=\"https:\/\/agenciabrasil.ebc.com.br\/ebc.png?id=1423532&amp;o=node\" \/><img decoding=\"async\" src=\"https:\/\/agenciabrasil.ebc.com.br\/ebc.gif?id=1423532&amp;o=node\" \/><\/p>\n<p>Weverton (Palmeiras), Guilherme Arana (Atl\u00e9tico-MG) &#8211; na foto com Tite -, Eden\u00edlson (Internacional), \u00a0Gabigol e Everton Ribeiro (ambos do Flamengo) se juntaram a outros cinco alletas\u00a0 que jogam no exterior. Thiago Silva (Chelsea), Danilo e Alex Sandro (ambos da Juventus), Fred (Manchester United)\u00a0 e Raphinha (Leeds) foram os primeiros a chegar na noite de domingo (3) \u00e0 capital colombiana.<\/p>\n<p>A sele\u00e7\u00e3o far\u00e1 tr\u00eas treinos at\u00e9 a pr\u00f3xima quarta (6), quando embarca para Caracas. A\u00a0<a href=\"https:\/\/agenciabrasil.ebc.com.br\/esportes\/noticia\/2021-09\/com-jogadores-do-futebol-ingles-tite-convoca-selecao-brasileira\">convoca\u00e7\u00e3o<\/a>\u00a0da sele\u00e7\u00e3o para as Eliminat\u00f3rias ocorreu no \u00faltimo dia 24.\u00a0 De l\u00e1 pra c\u00e1, a\u00a0 equipe canarinho perdeu o atacante\u00a0<a href=\"https:\/\/agenciabrasil.ebc.com.br\/esportes\/noticia\/2021-10\/eliminatorias-lesionado-matheus-cunha-e-desconvocado-da-selecao\">Matheus Cunha,<\/a>\u00a0cortado na \u00faltima sexta (1\u00ba), ap\u00f3s comprova\u00e7\u00e3o de les\u00e3o muscular na coxa esquerda. Para substitu\u00ed-lo,\u00a0 Tite convocou\u00a0<a href=\"https:\/\/agenciabrasil.ebc.com.br\/esportes\/noticia\/2021-10\/eliminatorias-arthur-cabral-e-convocado-para-selecao\">Arthur Cabral<\/a>, que defende atualmente o Basel (Su\u00ed\u00e7a).<\/p>\n<p>Invicto nas Eliminat\u00f3rias, o Brasil n\u00e3o deve ter dificuldade diante da Venezuela, atual lanterna da competi\u00e7\u00e3o. Os jogos seguintes prometem mais emo\u00e7\u00e3o: no pr\u00f3ximo domingo (10), contra a Col\u00f4mbia (5\u00ba lugar) em\u00a0 Barranquilla, e no dia 14 de outubro, contra o Uruguai (3\u00ba) em Manaus.<\/p>\n<p><span style=\"font-weight: 400;\">Fonte: Ag\u00eancia Brasil <\/span><\/p>\n","protected":false},"excerpt":{"rendered":"<p>Cinco jogadores que atuam em times brasileiros se apresentaram nesta segunda-feira (4) \u00e0 sele\u00e7\u00e3o brasileira em Bogot\u00e1 (Col\u00f4mbia), onde ocorrer\u00e1 a fase preparat\u00f3ria para os pr\u00f3ximos tr\u00eas jogos das\u00a0Eliminat\u00f3rias da Copa do Mundo\u00a0do Catar, o primeiro deles j\u00e1 nesta quinta (7), contra a Venezuela, \u00e0s 20h30 (hor\u00e1rio de Bras\u00edlia), na capital Caracas. O jogo ter\u00e1 [&hellip;]<\/p>\n","protected":false},"author":246,"featured_media":189265,"comment_status":"closed","ping_status":"closed","sticky":false,"template":"","format":"standard","meta":{"footnotes":""},"categories":[436,257],"tags":[],"class_list":["post-189264","post","type-post","status-publish","format-standard","has-post-thumbnail","hentry","category-destaque-da-semana","category-esporte"],"_links":{"self":[{"href":"https:\/\/diarioregionaldigital.com.br\/index.php?rest_route=\/wp\/v2\/posts\/189264","targetHints":{"allow":["GET"]}}],"collection":[{"href":"https:\/\/diarioregionaldigital.com.br\/index.php?rest_route=\/wp\/v2\/posts"}],"about":[{"href":"https:\/\/diarioregionaldigital.com.br\/index.php?rest_route=\/wp\/v2\/types\/post"}],"author":[{"embeddable":true,"href":"https:\/\/diarioregionaldigital.com.br\/index.php?rest_route=\/wp\/v2\/users\/246"}],"replies":[{"embeddable":true,"href":"https:\/\/diarioregionaldigital.com.br\/index.php?rest_route=%2Fwp%2Fv2%2Fcomments&post=189264"}],"version-history":[{"count":2,"href":"https:\/\/diarioregionaldigital.com.br\/index.php?rest_route=\/wp\/v2\/posts\/189264\/revisions"}],"predecessor-version":[{"id":189267,"href":"https:\/\/diarioregionaldigital.com.br\/index.php?rest_route=\/wp\/v2\/posts\/189264\/revisions\/189267"}],"wp:featuredmedia":[{"embeddable":true,"href":"https:\/\/diarioregionaldigital.com.br\/index.php?rest_route=\/wp\/v2\/media\/189265"}],"wp:attachment":[{"href":"https:\/\/diarioregionaldigital.com.br\/index.php?rest_route=%2Fwp%2Fv2%2Fmedia&parent=189264"}],"wp:term":[{"taxonomy":"category","embeddable":true,"href":"https:\/\/diarioregionaldigital.com.br\/index.php?rest_route=%2Fwp%2Fv2%2Fcategories&post=189264"},{"taxonomy":"post_tag","embeddable":true,"href":"https:\/\/diarioregionaldigital.com.br\/index.php?rest_route=%2Fwp%2Fv2%2Ftags&post=189264"}],"curies":[{"name":"wp","href":"https:\/\/api.w.org\/{rel}","templated":true}]}}