{"id":189261,"date":"2021-10-05T13:43:25","date_gmt":"2021-10-05T16:43:25","guid":{"rendered":"https:\/\/diarioregionaldigital.com.br\/?p=189261"},"modified":"2021-10-05T13:43:25","modified_gmt":"2021-10-05T16:43:25","slug":"mundial-de-wrestling-apos-reves-na-semi-lais-nunes-briga-pelo-bronze","status":"publish","type":"post","link":"https:\/\/diarioregionaldigital.com.br\/?p=189261","title":{"rendered":"Mundial de Wrestling: ap\u00f3s rev\u00e9s na semi, La\u00eds Nunes briga pelo bronze"},"content":{"rendered":"<p>A atleta ol\u00edmpica La\u00eds Nunes, que competiu em T\u00f3quio 2020,\u00a0 vai disputar nesta ter\u00e7a-feira (5), \u00e0s 13h (hor\u00e1rio de Bras\u00edlia) a medalha de bronze no estilo livre feminino no Mundial de Wrestling, que ocorre at\u00e9 o pr\u00f3ximo dia 10 em Oslo (Noruega). A lutadora goiana ((categoria at\u00e9 62 quilos)\u00a0\u00e9 a primeira atleta da delega\u00e7\u00e3o brasileira com chances de p\u00f3dio na competi\u00e7\u00e3o, que abre o novo ciclo ol\u00edmpico da modalidade para os Jogos de Paris (Fran\u00e7a), em 2024. A disputa re\u00fane os melhores do mundo, em 30 categorias de peso, e o Brasil conta com seis representantes em Oslo.<img decoding=\"async\" src=\"https:\/\/agenciabrasil.ebc.com.br\/ebc.png?id=1423513&amp;o=node\" \/><img decoding=\"async\" src=\"https:\/\/agenciabrasil.ebc.com.br\/ebc.gif?id=1423513&amp;o=node\" \/><\/p>\n<p>La\u00eds Nunes estreou hoje j\u00e1 nas oitavas de final: venceu a indiana Sangeeta Sangeeta por 6 a 4, e nas quartas a\u00a0 polonesa Aleksandra Wolczynska, por 3 a 2. Na sequ\u00eancia, La\u00eds foi superada na semifinal pela norte-americana Kayla Miracle por 2 a 0.<\/p>\n<p>A pr\u00f3xima advers\u00e1ria de La\u00eds sair\u00e1 da repescagem, programada para come\u00e7ar a partir das 5h30 (hor\u00e1rio de Bras\u00edlia) desta ter\u00e7a (5). No mesmo hor\u00e1rio tem estreia em Oslo\u00a0de outra\u00a0brasileira do estilo livre feminino:\u00a0Kamila Barbosa (50 kg).<\/p>\n<p>O primeiro representante do pa\u00eds\u00a0a subir no tatame em Oslo foi Marcos Osley (at\u00e9 65 kg). Neste domingo 93),\u00a0 Osley, cabe\u00e7a de chave n\u00famero 4 no estilo livre masculino,\u00a0deu adeus precoce ao Mundial, ao perder a primeira luta para Alibek Osmonov, do Quirguist\u00e3o,pelo placar de 12 a 2.<\/p>\n<p>A delega\u00e7\u00e3o brasileira conta ainda com Marat Garipov (60 kg) e Joilson J\u00fanior (77 kg) nas disputas do estilo greco-romano; e Giullia Penalber no estilo livre feminino (57 kg), campe\u00e3 em 2021 do Pan-americano de Wrestling.<\/p>\n<h2>Brasileiros no Mundial:<\/h2>\n<p><strong>Ter\u00e7a (5)\u00a0\u00a0<\/strong><\/p>\n<p>Kamila Barbosa (50 kg)\u00a0 e La\u00eds Nunes (57 kg) &#8211; a partir das 5h30\u00a0 (eliminat\u00f3rias e repescagem)<\/p>\n<p>11h45 \u00e0s 12h45 \u2013 semifinais\/estilo livre feminino (50 kg)<\/p>\n<p><strong>Quarta (6)<\/strong><\/p>\n<p>Giullia Penalber (57 kg) e Kamila Barbosa (se avan\u00e7ar \u00e0 final)<\/p>\n<p>5h30 \u00e0s 9h30 \u2013 eliminat\u00f3rias\/estilo livre feminino (57kg) e repescagem\/estilo livre feminino (50 kg)<\/p>\n<p>11h45 \u00e0s 12h45 \u2013 semifinais\/estilo livre feminino (57 kg)<\/p>\n<p>13h \u00e0s 16h \u2013 finais\/estilo livre feminino (50 kg)<\/p>\n<p><strong>Quinta (7)<\/strong><\/p>\n<p>Joilson J\u00fanior (77 kg) e Giullia Penalber (se avan\u00e7ar \u00e0 final)<\/p>\n<p>5h30 \u00e0s 9h30 \u2013 eliminat\u00f3rias\/estilo greco-romano (77 kg) e repescagem\/ estilo livre feminino (57 kg)<\/p>\n<p>11h45 \u00e0s 12h45 \u2013 semifinais\/estilo greco-romano (77 kg)<\/p>\n<p>13h \u00e0s 16h \u2013 finais\/estilo livre feminino (57kg)<\/p>\n<p><strong>Sexta (8)<\/strong><\/p>\n<p>Marat Garipov (60 kg) e Joilson J\u00fanior (se avan\u00e7ar \u00e0 final)<\/p>\n<p>5h30 \u00e0s 9h30 \u2013 eliminat\u00f3rias\/estilo greco-romano (60 kg) e repescagem\/ estilo greco-romano (77 kg)<\/p>\n<p>12h \u00e0s 12h45 \u2013 semifinais\/estilo greco-romano (60 kg)<\/p>\n<p>13h \u00e0s 16h \u2013 finais\/estilo greco-romano (77 kg)<\/p>\n<p><strong>S\u00e1bado (9)<\/strong><\/p>\n<p>Marat Garipov (se avan\u00e7ar \u00e0 final)<\/p>\n<p>5h30 \u00e0s 9h30 \u2013 repescagem\/estilo greco-romano (60 kg)<\/p>\n<p>13h \u00e0s 16h30 \u2013 finais\/estilo greco-romano (60kg)<\/p>\n<p><span style=\"font-weight: 400;\">Fonte: Ag\u00eancia Brasil <\/span><\/p>\n","protected":false},"excerpt":{"rendered":"<p>A atleta ol\u00edmpica La\u00eds Nunes, que competiu em T\u00f3quio 2020,\u00a0 vai disputar nesta ter\u00e7a-feira (5), \u00e0s 13h (hor\u00e1rio de Bras\u00edlia) a medalha de bronze no estilo livre feminino no Mundial de Wrestling, que ocorre at\u00e9 o pr\u00f3ximo dia 10 em Oslo (Noruega). A lutadora goiana ((categoria at\u00e9 62 quilos)\u00a0\u00e9 a primeira atleta da delega\u00e7\u00e3o brasileira [&hellip;]<\/p>\n","protected":false},"author":246,"featured_media":189262,"comment_status":"closed","ping_status":"closed","sticky":false,"template":"","format":"standard","meta":{"footnotes":""},"categories":[436,257],"tags":[],"class_list":["post-189261","post","type-post","status-publish","format-standard","has-post-thumbnail","hentry","category-destaque-da-semana","category-esporte"],"_links":{"self":[{"href":"https:\/\/diarioregionaldigital.com.br\/index.php?rest_route=\/wp\/v2\/posts\/189261","targetHints":{"allow":["GET"]}}],"collection":[{"href":"https:\/\/diarioregionaldigital.com.br\/index.php?rest_route=\/wp\/v2\/posts"}],"about":[{"href":"https:\/\/diarioregionaldigital.com.br\/index.php?rest_route=\/wp\/v2\/types\/post"}],"author":[{"embeddable":true,"href":"https:\/\/diarioregionaldigital.com.br\/index.php?rest_route=\/wp\/v2\/users\/246"}],"replies":[{"embeddable":true,"href":"https:\/\/diarioregionaldigital.com.br\/index.php?rest_route=%2Fwp%2Fv2%2Fcomments&post=189261"}],"version-history":[{"count":1,"href":"https:\/\/diarioregionaldigital.com.br\/index.php?rest_route=\/wp\/v2\/posts\/189261\/revisions"}],"predecessor-version":[{"id":189263,"href":"https:\/\/diarioregionaldigital.com.br\/index.php?rest_route=\/wp\/v2\/posts\/189261\/revisions\/189263"}],"wp:featuredmedia":[{"embeddable":true,"href":"https:\/\/diarioregionaldigital.com.br\/index.php?rest_route=\/wp\/v2\/media\/189262"}],"wp:attachment":[{"href":"https:\/\/diarioregionaldigital.com.br\/index.php?rest_route=%2Fwp%2Fv2%2Fmedia&parent=189261"}],"wp:term":[{"taxonomy":"category","embeddable":true,"href":"https:\/\/diarioregionaldigital.com.br\/index.php?rest_route=%2Fwp%2Fv2%2Fcategories&post=189261"},{"taxonomy":"post_tag","embeddable":true,"href":"https:\/\/diarioregionaldigital.com.br\/index.php?rest_route=%2Fwp%2Fv2%2Ftags&post=189261"}],"curies":[{"name":"wp","href":"https:\/\/api.w.org\/{rel}","templated":true}]}}