{"id":189258,"date":"2021-10-05T13:41:16","date_gmt":"2021-10-05T16:41:16","guid":{"rendered":"https:\/\/diarioregionaldigital.com.br\/?p=189258"},"modified":"2021-10-05T13:41:16","modified_gmt":"2021-10-05T16:41:16","slug":"conmebol-rejeita-pedido-para-anular-semifinal-entre-galo-e-palmeiras","status":"publish","type":"post","link":"https:\/\/diarioregionaldigital.com.br\/?p=189258","title":{"rendered":"Conmebol rejeita pedido para anular semifinal entre Galo e Palmeiras"},"content":{"rendered":"<p>Em documento publicado na noite de ontem (4) em seu\u00a0<em>site<\/em>, a Conmebol revelou que os pedidos do Atl\u00e9tico Mineiro pela anula\u00e7\u00e3o do gol do Palmeiras ou pela repeti\u00e7\u00e3o do segundo duelo pela semifinal da Copa Libertadores foram rejeitados. A decis\u00e3o foi assinada pelo presidente da Comiss\u00e3o Disciplinar da entidade, Eduardo Goss Brown.<img decoding=\"async\" src=\"https:\/\/agenciabrasil.ebc.com.br\/ebc.png?id=1423605&amp;o=node\" \/><img decoding=\"async\" src=\"https:\/\/agenciabrasil.ebc.com.br\/ebc.gif?id=1423605&amp;o=node\" \/><\/p>\n<p>Tamb\u00e9m de acordo com a decis\u00e3o, existe a possibilidade de recurso do Galo. Para isso, o clube mineiro deve acionar a Comiss\u00e3o de Apela\u00e7\u00f5es da Conmebol at\u00e9 24 horas depois da notifica\u00e7\u00e3o sobre a determina\u00e7\u00e3o.<\/p>\n<p>A reclama\u00e7\u00e3o do Galo diz respeito ao lance do gol de empate do clube paulista na partida disputada na \u00faltima ter\u00e7a-feira (28 de setembro) no Mineir\u00e3o, em Belo Horizonte. Na ocasi\u00e3o, o atacante Deyverson, que figurava entre os reservas do Palmeiras, estava dentro do gramado antes mesmo que Dudu igualasse ao placar, aos 23 do segundo tempo. O Atl\u00e9tico alegou descumprimento do regulamento (atletas no banco de reservas n\u00e3o podem entrar em campo com a bola em jogo) para pedir uma de duas poss\u00edveis a\u00e7\u00f5es: a anula\u00e7\u00e3o da jogada ou a realiza\u00e7\u00e3o de uma nova partida.<\/p>\n<p>Caso a decis\u00e3o da Conmebol se mantenha, o Palmeiras ser\u00e1 o advers\u00e1rio do Flamengo na final da competi\u00e7\u00e3o, marcada para acontecer no dia 27 de novembro, em Montevid\u00e9u, no Uruguai.<\/p>\n<p><span style=\"font-weight: 400;\"><br \/>\n<\/span><span style=\"font-weight: 400;\">Fonte: Ag\u00eancia Brasil <\/span><\/p>\n","protected":false},"excerpt":{"rendered":"<p>Em documento publicado na noite de ontem (4) em seu\u00a0site, a Conmebol revelou que os pedidos do Atl\u00e9tico Mineiro pela anula\u00e7\u00e3o do gol do Palmeiras ou pela repeti\u00e7\u00e3o do segundo duelo pela semifinal da Copa Libertadores foram rejeitados. A decis\u00e3o foi assinada pelo presidente da Comiss\u00e3o Disciplinar da entidade, Eduardo Goss Brown. Tamb\u00e9m de acordo [&hellip;]<\/p>\n","protected":false},"author":246,"featured_media":189259,"comment_status":"closed","ping_status":"closed","sticky":false,"template":"","format":"standard","meta":{"footnotes":""},"categories":[436,440,257],"tags":[],"class_list":["post-189258","post","type-post","status-publish","format-standard","has-post-thumbnail","hentry","category-destaque-da-semana","category-destaques-do-dia","category-esporte"],"_links":{"self":[{"href":"https:\/\/diarioregionaldigital.com.br\/index.php?rest_route=\/wp\/v2\/posts\/189258","targetHints":{"allow":["GET"]}}],"collection":[{"href":"https:\/\/diarioregionaldigital.com.br\/index.php?rest_route=\/wp\/v2\/posts"}],"about":[{"href":"https:\/\/diarioregionaldigital.com.br\/index.php?rest_route=\/wp\/v2\/types\/post"}],"author":[{"embeddable":true,"href":"https:\/\/diarioregionaldigital.com.br\/index.php?rest_route=\/wp\/v2\/users\/246"}],"replies":[{"embeddable":true,"href":"https:\/\/diarioregionaldigital.com.br\/index.php?rest_route=%2Fwp%2Fv2%2Fcomments&post=189258"}],"version-history":[{"count":1,"href":"https:\/\/diarioregionaldigital.com.br\/index.php?rest_route=\/wp\/v2\/posts\/189258\/revisions"}],"predecessor-version":[{"id":189260,"href":"https:\/\/diarioregionaldigital.com.br\/index.php?rest_route=\/wp\/v2\/posts\/189258\/revisions\/189260"}],"wp:featuredmedia":[{"embeddable":true,"href":"https:\/\/diarioregionaldigital.com.br\/index.php?rest_route=\/wp\/v2\/media\/189259"}],"wp:attachment":[{"href":"https:\/\/diarioregionaldigital.com.br\/index.php?rest_route=%2Fwp%2Fv2%2Fmedia&parent=189258"}],"wp:term":[{"taxonomy":"category","embeddable":true,"href":"https:\/\/diarioregionaldigital.com.br\/index.php?rest_route=%2Fwp%2Fv2%2Fcategories&post=189258"},{"taxonomy":"post_tag","embeddable":true,"href":"https:\/\/diarioregionaldigital.com.br\/index.php?rest_route=%2Fwp%2Fv2%2Ftags&post=189258"}],"curies":[{"name":"wp","href":"https:\/\/api.w.org\/{rel}","templated":true}]}}