{"id":189252,"date":"2021-10-05T13:35:25","date_gmt":"2021-10-05T16:35:25","guid":{"rendered":"https:\/\/diarioregionaldigital.com.br\/?p=189252"},"modified":"2021-10-05T13:35:25","modified_gmt":"2021-10-05T16:35:25","slug":"governo-do-estado-reabre-palacio-da-liberdade-para-visitacao-e-apresenta-acoes-para-impulsionar-o-circuito-liberdade","status":"publish","type":"post","link":"https:\/\/diarioregionaldigital.com.br\/?p=189252","title":{"rendered":"Governo do Estado reabre Pal\u00e1cio da Liberdade para visita\u00e7\u00e3o e apresenta a\u00e7\u00f5es para impulsionar o Circuito Liberdade"},"content":{"rendered":"<p>O Pal\u00e1cio da Liberdade, um dos mais importantes espa\u00e7os culturais do\u00a0<a href=\"http:\/\/www.circuitoliberdade.mg.gov.br\/\" target=\"_blank\" rel=\"noopener\">Circuito Liberdade<\/a>, em Belo Horizonte, passar\u00e1 a receber visitantes novamente a partir de 9\/10. O an\u00fancio foi feito nesta segunda-feira (4\/10), em cerim\u00f4nia nas depend\u00eancias do Pal\u00e1cio, com a presen\u00e7a do governador Romeu Zema, do secret\u00e1rio de Estado de\u00a0<a href=\"http:\/\/www.secult.mg.gov.br\/\" target=\"_blank\" rel=\"noopener\">Cultura e Turismo<\/a>, Le\u00f4nidas Oliveira, do presidente do\u00a0<a href=\"http:\/\/www.iepha.mg.gov.br\/\" target=\"_blank\" rel=\"noopener\">Instituto Estadual do Patrim\u00f4nio Hist\u00f3rico e Art\u00edstico (Iepha-MG)<\/a>, Felipe Pires, e de outras autoridades.<\/p>\n<p>A solenidade marcou tamb\u00e9m a expans\u00e3o do Circuito Liberdade, com a inclus\u00e3o de outros espa\u00e7os, al\u00e9m do an\u00fancio de a\u00e7\u00f5es e projetos que ser\u00e3o colocados em pr\u00e1tica para fomentar o turismo na \u00e1rea central de Belo Horizonte, como o lan\u00e7amento de duas rotas tur\u00edsticas do Circuito.<\/p>\n<p>\u201c\u00c9 um prazer e uma felicidade estarmos assistindo ao sol raiar, depois de 17 meses de tempos sombrios e tristes, em que ficamos adoentados e muitos partiram, infelizmente. Este momento de reabertura do Pal\u00e1cio da Liberdade est\u00e1 dentro desse contexto. Temos agora essa retomada do turismo e atividades culturais. O Circuito Liberdade se expande e sabemos que um atrativo serve de complemento a outros. E com as novas rotas tur\u00edsticas, como a de parques e jardins, com 25 atra\u00e7\u00f5es, e a rota da cozinha mineira, criada junto com a Abrasel, temos a valoriza\u00e7\u00e3o da cultura e da tradi\u00e7\u00e3o mineiras\u201d, disse Romeu Zema.<\/p>\n<p>Com a rota \u201cCozinha Mineira\u201d, bares e restaurantes, que tiveram um longo per\u00edodo dif\u00edcil, ter\u00e3o oportunidade de se recuperar e gerar renda. \u201cEstamos iniciando um c\u00edrculo virtuoso, com dignidade para o povo mineiro, e isso passa pela gera\u00e7\u00e3o de empregos. Talvez nenhum estado tenha tanto patrim\u00f4nio para mostrar aos visitantes como o nosso\u201d, destacou o governador.<\/p>\n<p><strong>Crescimento<\/strong><\/p>\n<p>O secret\u00e1rio Le\u00f4nidas Oliveira destacou o momento de crescimento do turismo em Minas Gerais, que o coloca na lideran\u00e7a diante dos demais estados.<\/p>\n<p>\u201cTemos registrado crescimento 10% acima da m\u00e9dia nacional no volume de atividades tur\u00edsticas, de acordo com o IBGE, com sucesso absoluto com a atra\u00e7\u00e3o de turistas de todo o pa\u00eds. A reabertura do Pal\u00e1cio da Liberdade, s\u00edmbolo do patrim\u00f4nio mineiro, e a expans\u00e3o do Circuito Liberdade, est\u00e3o entre os primeiros passos para a internacionaliza\u00e7\u00e3o de Belo Horizonte e de Minas Gerais. Destaco tamb\u00e9m o Via Liberdade, em que o Circuito Liberdade tem papel central. Com este projeto, vamos comemorar os 200 anos da independ\u00eancia do Brasil, por meio de rota na BR 040 em que temos, neste eixo, nove patrim\u00f4nios culturais da Humanidade, mais de 100 cidades tombadas, 26 parques, e uma infinidade de cachoeiras. Fechamos acordo com Goi\u00e1s, Rio de Janeiro e Distrito Federal para criar a Via liberdade, da qual Belo Horizonte ser\u00e1 o centro. Hoje, o local e o global conversam, e \u00e9 motivo de muito orgulho sermos mineiros neste momento\u201d, enfatizou o secret\u00e1rio.<\/p>\n<p><strong>Hor\u00e1rios de visita<\/strong><\/p>\n<p>As visita\u00e7\u00f5es ao Pal\u00e1cio poder\u00e3o ser feitas apenas nos fins de semana neste primeiro momento, e v\u00e3o ocorrer em grupos reduzidos de at\u00e9 12 pessoas, em blocos de hor\u00e1rios, sendo: 10h, 11h, 13h, 14h e 15h. As visitas t\u00eam dura\u00e7\u00e3o estimada de 40 minutos e, entre uma e outra, haver\u00e1 intervalo para limpeza e higieniza\u00e7\u00e3o de todo o ambiente. Os jardins do Pal\u00e1cio da Liberdade tamb\u00e9m receber\u00e3o visitantes. Nesse caso, ser\u00e3o dois grupos com 15 pessoas, nos hor\u00e1rios de 10h15 e 13h15. O agendamento poder\u00e1 ser feito pela plataforma Sympla.<\/p>\n<p>A reabertura do Pal\u00e1cio da Liberdade para visita\u00e7\u00e3o traz ainda uma grande novidade: a parceria entre a APPA \u2013 Arte e Cultura e o Instituto Estadual do Patrim\u00f4nio Hist\u00f3rico e Art\u00edstico (Iepha-MG) com a\u00a0<a href=\"http:\/\/www.copasa.com.br\/\" target=\"_blank\" rel=\"noopener\">Copasa<\/a>, que ser\u00e1 a patrocinadora M\u00e1ster do Pal\u00e1cio da Liberdade. Ser\u00e1 investido o valor aproximado de R$ 1,5 milh\u00e3o em a\u00e7\u00f5es educativas, voltadas a crian\u00e7as e adolescentes, e de promo\u00e7\u00e3o do patrim\u00f4nio cultural.<\/p>\n<p><strong>Restaura\u00e7\u00e3o do Pr\u00e9dio Verde ganhar\u00e1 R$ 8 mi em investimentos<\/strong><\/p>\n<p>Durante a cerim\u00f4nia, a Secult e o Iepha-MG anunciaram tamb\u00e9m o in\u00edcio das obras para a implanta\u00e7\u00e3o do Centro do Patrim\u00f4nio Cultural Cemig, a ser instalado no edif\u00edcio sede do Iepha-MG, localizado na Pra\u00e7a da Liberdade. O projeto de requalifica\u00e7\u00e3o do espa\u00e7o e implanta\u00e7\u00e3o do Centro do Patrim\u00f4nio conta com o valor total da ordem de R$ 8 milh\u00f5es, sendo R$ 5,7 milh\u00f5es provenientes da Cemig e R$ 2,2 milh\u00f5es da Gerdau.<\/p>\n<p>\u201cO Pr\u00e9dio Verde vai passar por processo de restaura\u00e7\u00e3o e vai abrigar uma coisa muito importante que faltava no Circuito, que \u00e9 o Centro do Patrim\u00f4nio Cultural, trazendo esse grande universo do patrim\u00f4nio material e imaterial, da nossa arquitetura, das nossas festas todas, e por isso agrade\u00e7o \u00e0\u00a0<a href=\"http:\/\/www.cemig.com.br\/\" target=\"_blank\" rel=\"noopener\">Cemig<\/a>\u00a0e Gerdau por esse investimento inicial\u201d, pontuou Le\u00f4nidas Oliveira.<\/p>\n<p>A primeira fase das obras ir\u00e1 incluir as restaura\u00e7\u00f5es do hall de entrada e do p\u00e1tio interno do edif\u00edcio, e tamb\u00e9m a revitaliza\u00e7\u00e3o da Biblioteca do Iepha-MG.<\/p>\n<p>Integrado ao Circuito Liberdade, o Centro do Patrim\u00f4nio Cultural Cemig se constituir\u00e1 como um espa\u00e7o de articula\u00e7\u00e3o das a\u00e7\u00f5es institucionais de prote\u00e7\u00e3o e gest\u00e3o do patrim\u00f4nio cultural, com a participa\u00e7\u00e3o da comunidade, agentes culturais, institui\u00e7\u00f5es de fomento e pesquisa.<\/p>\n<p>Os dois primeiros pavimentos da edifica\u00e7\u00e3o abrigar\u00e3o espa\u00e7os destinados a exposi\u00e7\u00f5es e mostras, ateli\u00ea vitrine de restaura\u00e7\u00e3o de acervos, reserva t\u00e9cnica visit\u00e1vel, n\u00facleo do patrim\u00f4nio imaterial, n\u00facleo de t\u00e9cnicas construtivas tradicionais, al\u00e9m de salas destinadas a ocupa\u00e7\u00f5es e exposi\u00e7\u00f5es tempor\u00e1rias e reuni\u00f5es dos conselhos de cultura e patrim\u00f4nio cultural do estado. Nos demais pavimentos, a edifica\u00e7\u00e3o j\u00e1 abriga o Iepha-MG e suas atividades administrativas e t\u00e9cnicas.<\/p>\n<p>Todos os conte\u00fados trabalhados estar\u00e3o articulados \u00e0 interpreta\u00e7\u00e3o, promo\u00e7\u00e3o e frui\u00e7\u00e3o do patrim\u00f4nio cultural do estado por meio de projeto educativo e receptivo, promovendo a articula\u00e7\u00e3o com os conte\u00fados presentes nas cidades e territ\u00f3rios de patrim\u00f4nio. A previs\u00e3o \u00e9 que em maio de 2022 seja feita a abertura da exposi\u00e7\u00e3o inaugural do Centro do Patrim\u00f4nio, que ir\u00e1 se chamar \u201cSentidos do Patrim\u00f4nio\u201d.<\/p>\n<p><strong>Dinamiza\u00e7\u00e3o e amplia\u00e7\u00e3o do Circuito Liberdade<\/strong><\/p>\n<p>O secret\u00e1rio Le\u00f4nidas Oliveira anunciou a expans\u00e3o efetiva do Circuito Liberdade, que passa a abarcar novos espa\u00e7os hist\u00f3ricos, culturais, art\u00edsticos, paisag\u00edsticos e culin\u00e1rios de Minas Gerais. Entre as unidades que v\u00e3o integrar o Circuito est\u00e3o o Pal\u00e1cio das Artes; a C\u00e2meraSete \u2013 Casa de Fotografia de Minas Gerais; a Filarm\u00f4nica; a Mineiraria; o Cine Theatro Brasil Vallourec; o CURA &#8211; Circuito Urbano de Arte; o Mercado Central; o Museu de Artes e Of\u00edcios; o Museu dos Brinquedos; o Museu Inim\u00e1 de Paula; o Sesc Palladium; a Sociedade Mineira de Engenheiros e o Teatro Feluma.<br \/>\n<main class=\"clear margin-md-bottom-3\"><\/p>\n<div class=\"clear \">\n<p>Em outubro de 2020, quando a Secult assumiu a gest\u00e3o do complexo cultural, a pasta apresentou ao p\u00fablico o projeto de sua amplia\u00e7\u00e3o, abrangendo uma \u00e1rea maior e resgatando o projeto original da constru\u00e7\u00e3o da capital mineira de 1895, quando a cidade estava delimitada pela Avenida do Contorno.<\/p>\n<p>Entre as especificidades para a ades\u00e3o de novos equipamentos ao complexo cultural est\u00e3o a amplia\u00e7\u00e3o e a diversifica\u00e7\u00e3o da programa\u00e7\u00e3o cultural e do acesso \u00e0 cultura, a articula\u00e7\u00e3o de projetos e a\u00e7\u00f5es culturais em rede e a promo\u00e7\u00e3o tur\u00edstica do Circuito Liberdade com foco na economia criativa como mecanismo de transforma\u00e7\u00e3o, de gera\u00e7\u00e3o de emprego e renda.<\/p>\n<p><strong>Novas Rotas Tur\u00edsticas no Circuito Liberdade<\/strong><\/p>\n<p>A Cozinha Mineira e as belas paisagens da capital ser\u00e3o as protagonistas das rotas tur\u00edsticas que ser\u00e3o inauguradas no Circuito Liberdade. Voltadas \u00e0 visita\u00e7\u00e3o permanente, a rota da \u201cCozinha Mineira\u201d e de \u201cParques, Pra\u00e7as e Jardins\u201d, t\u00eam o objetivo de resgatar parte da hist\u00f3ria de Belo Horizonte, conhecida nacionalmente como Cidade Jardim.<\/p>\n<p>A primeira delas \u00e9 um projeto de valoriza\u00e7\u00e3o dos saberes e sabores mineiros, que envolve museus, mercados, botecos, restaurantes e cafeterias, todos eles interligados com a Cozinha Mineira, que est\u00e1 toda mapeada na regi\u00e3o central da capital do estado, dentro dos limites da Avenida do Contorno. Esta rota passa por edifica\u00e7\u00f5es hist\u00f3ricas e simb\u00f3licas do Circuito Liberdade, como o Edif\u00edcio Arc\u00e2ngelo Maletta e o Museu de Artes e Of\u00edcios.<\/p>\n<p>Os museus inclu\u00eddos na rota representam n\u00e3o s\u00f3 a hist\u00f3ria de Minas, mas a liga\u00e7\u00e3o com a Cozinha Mineira, por meio de registros e mem\u00f3rias. J\u00e1 os mercados representam os pontos de encontro do povo mineiro, por isso a inclus\u00e3o do Mercado Central de Belo Horizonte.<\/p>\n<p>J\u00e1 os restaurantes, bares e cafeterias representam o contato direto com a culin\u00e1ria mineira, cada um com suas especialidades. S\u00e3o inicialmente 12 espa\u00e7os selecionados por meio de parceria da Secult com a\u00a0<a title=\"Associa\u00e7\u00e3o Brasileira de Bares e Restaurantes\">Abrasel<\/a>\u00a0e que n\u00e3o s\u00f3 deixam a rota mais atrativa, como diversificam as possibilidades de trajeto.<\/p>\n<p>Al\u00e9m dos estabelecimentos j\u00e1 selecionados, a Secult est\u00e1 abrindo chamamento p\u00fablico para que restaurantes de cozinha mineira que estejam no per\u00edmetro da Avenida do Contorno possam se inscrever e integrar a Rota em um segundo momento, quando esta passar\u00e1 por sua primeira expans\u00e3o.<\/p>\n<p>A segunda rota, dos \u201cParques, Pra\u00e7as e Jardins\u201d, inclui 25 espa\u00e7os que podem ser vivenciados de acordo com a vontade e com a liberdade de cada um. A rota tamb\u00e9m \u00e9 um convite para experimentar os dias mais floridos da eterna Cidade Jardim, que recome\u00e7am na atual esta\u00e7\u00e3o do ano, incluindo a 15\u00aa Primavera dos Museus.<\/p>\n<p>Integram a rota a Pra\u00e7a da Liberdade, o CCBB (P\u00e1tio Interno), o Memorial Minas Gerais Vale (Jardim Interno), a Pra\u00e7a Carlos Drummond de Andrade &#8211; entre o MM Gerdau e Vale -, o Espa\u00e7o Cultural da Escola de Design da UEMG (6\u00ba Andar, imagem da pra\u00e7a), os jardins do Pal\u00e1cio da Liberdade, o Teatro de Arena (Biblioteca P\u00fablica Estadual), a Pra\u00e7a Jos\u00e9 Mendes J\u00fanior, a Casa Fiat de Cultura (Jardins), a Academia Mineira de Letras (Jardins Internos), a Pra\u00e7a R\u00f4mulo Paes (Subir Bahia, descer Floresta \/ Inim\u00e1 de Paula), a Pra\u00e7a Afonso Arinos, a Pra\u00e7a Nossa Senhora da Boa Viagem, o Parque Municipal, o Pal\u00e1cio das Artes (Jardins Internos), a Pra\u00e7a da Esta\u00e7\u00e3o (Mirante CURA e Museu de Artes e Of\u00edcios), a Pra\u00e7a Raul Soares, a Pra\u00e7a Floriano Peixoto, a Pra\u00e7a Milton Campos, a Pra\u00e7a Mar\u00edlia de Dirceu, a Pra\u00e7a Diogo de Vasconcelos (Pra\u00e7a da Savassi), o Parque Rosinha Cadar, a Pra\u00e7a da Assembleia, a Pra\u00e7a Jos\u00e9 Mendes J\u00fanior (Pra\u00e7a Mendes S\u00e1) e a Filarm\u00f4nica.<\/p>\n<p><span style=\"font-weight: 400;\">Fonte: Ag\u00eancia Minas <\/span><\/p>\n<\/div>\n<p><\/main><\/p>\n","protected":false},"excerpt":{"rendered":"<p>O Pal\u00e1cio da Liberdade, um dos mais importantes espa\u00e7os culturais do\u00a0Circuito Liberdade, em Belo Horizonte, passar\u00e1 a receber visitantes novamente a partir de 9\/10. O an\u00fancio foi feito nesta segunda-feira (4\/10), em cerim\u00f4nia nas depend\u00eancias do Pal\u00e1cio, com a presen\u00e7a do governador Romeu Zema, do secret\u00e1rio de Estado de\u00a0Cultura e Turismo, Le\u00f4nidas Oliveira, do presidente [&hellip;]<\/p>\n","protected":false},"author":246,"featured_media":189253,"comment_status":"closed","ping_status":"closed","sticky":false,"template":"","format":"standard","meta":{"footnotes":""},"categories":[436,254],"tags":[],"class_list":["post-189252","post","type-post","status-publish","format-standard","has-post-thumbnail","hentry","category-destaque-da-semana","category-politica"],"_links":{"self":[{"href":"https:\/\/diarioregionaldigital.com.br\/index.php?rest_route=\/wp\/v2\/posts\/189252","targetHints":{"allow":["GET"]}}],"collection":[{"href":"https:\/\/diarioregionaldigital.com.br\/index.php?rest_route=\/wp\/v2\/posts"}],"about":[{"href":"https:\/\/diarioregionaldigital.com.br\/index.php?rest_route=\/wp\/v2\/types\/post"}],"author":[{"embeddable":true,"href":"https:\/\/diarioregionaldigital.com.br\/index.php?rest_route=\/wp\/v2\/users\/246"}],"replies":[{"embeddable":true,"href":"https:\/\/diarioregionaldigital.com.br\/index.php?rest_route=%2Fwp%2Fv2%2Fcomments&post=189252"}],"version-history":[{"count":1,"href":"https:\/\/diarioregionaldigital.com.br\/index.php?rest_route=\/wp\/v2\/posts\/189252\/revisions"}],"predecessor-version":[{"id":189254,"href":"https:\/\/diarioregionaldigital.com.br\/index.php?rest_route=\/wp\/v2\/posts\/189252\/revisions\/189254"}],"wp:featuredmedia":[{"embeddable":true,"href":"https:\/\/diarioregionaldigital.com.br\/index.php?rest_route=\/wp\/v2\/media\/189253"}],"wp:attachment":[{"href":"https:\/\/diarioregionaldigital.com.br\/index.php?rest_route=%2Fwp%2Fv2%2Fmedia&parent=189252"}],"wp:term":[{"taxonomy":"category","embeddable":true,"href":"https:\/\/diarioregionaldigital.com.br\/index.php?rest_route=%2Fwp%2Fv2%2Fcategories&post=189252"},{"taxonomy":"post_tag","embeddable":true,"href":"https:\/\/diarioregionaldigital.com.br\/index.php?rest_route=%2Fwp%2Fv2%2Ftags&post=189252"}],"curies":[{"name":"wp","href":"https:\/\/api.w.org\/{rel}","templated":true}]}}