{"id":189249,"date":"2021-10-05T13:33:25","date_gmt":"2021-10-05T16:33:25","guid":{"rendered":"https:\/\/diarioregionaldigital.com.br\/?p=189249"},"modified":"2021-10-05T13:33:25","modified_gmt":"2021-10-05T16:33:25","slug":"governo-de-minas-finaliza-consulta-publica-para-segundo-processo-de-revisao-tarifaria-da-gasmig","status":"publish","type":"post","link":"https:\/\/diarioregionaldigital.com.br\/?p=189249","title":{"rendered":"Governo de Minas finaliza consulta p\u00fablica para segundo processo de revis\u00e3o tarif\u00e1ria da Gasmig"},"content":{"rendered":"<p>Como parte do processo de segunda revis\u00e3o tarif\u00e1ria da\u00a0<a href=\"http:\/\/www.gasmig.com.br\/Paginas\/default.aspx\" target=\"_blank\" rel=\"noopener\">Gasmig<\/a>\u00a0para o ciclo 2022-2027, a\u00a0<a href=\"http:\/\/www.desenvolvimento.mg.gov.br\/\" target=\"_blank\" rel=\"noopener\">Secretaria de Desenvolvimento Econ\u00f4mico (Sede)\u00a0<\/a>finalizou a Consulta P\u00fablica n\u00ba 25\/2021, que tem o objetivo determinar a taxa de custo do capital da concession\u00e1ria.<\/p>\n<p>O custo de capital \u00e9 uma vari\u00e1vel-chave do processo de regula\u00e7\u00e3o tarif\u00e1ria em atividades de monop\u00f3lio natural, como o de distribui\u00e7\u00e3o de g\u00e1s natural canalizado.<\/p>\n<p>Para estabelecer tarifas que sejam justas e razo\u00e1veis para usu\u00e1rios da infraestrutura e que mantenham a atratividade de investimentos sob a \u00f3tica privada, reguladores de diversos pa\u00edses enfrentam o desafio de estimar o custo de oportunidade do capital para definir a taxa de retorno adequada dos investidores.<\/p>\n<p>No \u00e2mbito da segunda revis\u00e3o tarif\u00e1ria da Gasmig, foi necess\u00e1rio determinar qual a remunera\u00e7\u00e3o apropriada aos investimentos da concession\u00e1ria, em conson\u00e2ncia com os objetivos de amplia\u00e7\u00e3o com modicidade tarif\u00e1ria, mantendo-se o equil\u00edbrio econ\u00f4mico-financeiro da concess\u00e3o.<\/p>\n<p><strong>Transpar\u00eancia<\/strong><\/p>\n<p>A Consulta P\u00fablica n\u00ba 25\/2021 ficou aberta pelo per\u00edodo de 15 dias (3 a 17\/9), e a Sede recebeu contribui\u00e7\u00f5es da Fiemg, Abrace, Gasmig e Abeg\u00e1s. Como resultado, a taxa de custo do capital da concession\u00e1ria ficou definida em 8,71%, e dever\u00e1 ser aplicada ao t\u00e9rmino do processo de revis\u00e3o tarif\u00e1ria em curso, vigorando a partir do pr\u00f3ximo ciclo tarif\u00e1rio, a iniciar j\u00e1 em 2022.<\/p>\n<p><span style=\"font-weight: 400;\">Fonte: Ag\u00eancia Minas <\/span><\/p>\n","protected":false},"excerpt":{"rendered":"<p>Como parte do processo de segunda revis\u00e3o tarif\u00e1ria da\u00a0Gasmig\u00a0para o ciclo 2022-2027, a\u00a0Secretaria de Desenvolvimento Econ\u00f4mico (Sede)\u00a0finalizou a Consulta P\u00fablica n\u00ba 25\/2021, que tem o objetivo determinar a taxa de custo do capital da concession\u00e1ria. O custo de capital \u00e9 uma vari\u00e1vel-chave do processo de regula\u00e7\u00e3o tarif\u00e1ria em atividades de monop\u00f3lio natural, como o de [&hellip;]<\/p>\n","protected":false},"author":246,"featured_media":189250,"comment_status":"closed","ping_status":"closed","sticky":false,"template":"","format":"standard","meta":{"footnotes":""},"categories":[436,254],"tags":[],"class_list":["post-189249","post","type-post","status-publish","format-standard","has-post-thumbnail","hentry","category-destaque-da-semana","category-politica"],"_links":{"self":[{"href":"https:\/\/diarioregionaldigital.com.br\/index.php?rest_route=\/wp\/v2\/posts\/189249","targetHints":{"allow":["GET"]}}],"collection":[{"href":"https:\/\/diarioregionaldigital.com.br\/index.php?rest_route=\/wp\/v2\/posts"}],"about":[{"href":"https:\/\/diarioregionaldigital.com.br\/index.php?rest_route=\/wp\/v2\/types\/post"}],"author":[{"embeddable":true,"href":"https:\/\/diarioregionaldigital.com.br\/index.php?rest_route=\/wp\/v2\/users\/246"}],"replies":[{"embeddable":true,"href":"https:\/\/diarioregionaldigital.com.br\/index.php?rest_route=%2Fwp%2Fv2%2Fcomments&post=189249"}],"version-history":[{"count":1,"href":"https:\/\/diarioregionaldigital.com.br\/index.php?rest_route=\/wp\/v2\/posts\/189249\/revisions"}],"predecessor-version":[{"id":189251,"href":"https:\/\/diarioregionaldigital.com.br\/index.php?rest_route=\/wp\/v2\/posts\/189249\/revisions\/189251"}],"wp:featuredmedia":[{"embeddable":true,"href":"https:\/\/diarioregionaldigital.com.br\/index.php?rest_route=\/wp\/v2\/media\/189250"}],"wp:attachment":[{"href":"https:\/\/diarioregionaldigital.com.br\/index.php?rest_route=%2Fwp%2Fv2%2Fmedia&parent=189249"}],"wp:term":[{"taxonomy":"category","embeddable":true,"href":"https:\/\/diarioregionaldigital.com.br\/index.php?rest_route=%2Fwp%2Fv2%2Fcategories&post=189249"},{"taxonomy":"post_tag","embeddable":true,"href":"https:\/\/diarioregionaldigital.com.br\/index.php?rest_route=%2Fwp%2Fv2%2Ftags&post=189249"}],"curies":[{"name":"wp","href":"https:\/\/api.w.org\/{rel}","templated":true}]}}