{"id":189246,"date":"2021-10-05T13:31:11","date_gmt":"2021-10-05T16:31:11","guid":{"rendered":"https:\/\/diarioregionaldigital.com.br\/?p=189246"},"modified":"2021-10-05T13:31:11","modified_gmt":"2021-10-05T16:31:11","slug":"romeu-zema-parabeniza-atletas-que-representaram-minas-nas-olimpiadas-e-paralimpiadas-de-toquio","status":"publish","type":"post","link":"https:\/\/diarioregionaldigital.com.br\/?p=189246","title":{"rendered":"Romeu Zema parabeniza atletas que representaram Minas nas Olimp\u00edadas e Paralimp\u00edadas de T\u00f3quio"},"content":{"rendered":"<p>O governador Romeu Zema participou de um caf\u00e9 da tarde, nesta segunda-feira (4\/10), no\u00a0<a href=\"http:\/\/www.bdmg.mg.gov.br\/\" target=\"_blank\" rel=\"noopener\">Banco de Desenvolvimento de Minas Gerais (BDMG)<\/a>, em Belo Horizonte, para parabenizar atletas e t\u00e9cnicos ol\u00edmpicos e paraol\u00edmpicos que representaram Minas Gerais e o Brasil na Olimp\u00edadas e Paralimp\u00edadas de T\u00f3quio.<\/p>\n<p>\u201cEssa dedica\u00e7\u00e3o e disciplina que voc\u00eas t\u00eam \u00e9 algo que falta na cultura latina. O brasileiro prega que o improviso e o esfor\u00e7o de \u00faltima hora s\u00e3o capazes de resolver os grandes problemas. E voc\u00eas sabem que para ganhar uma competi\u00e7\u00e3o daqui a quatro anos \u00e9 preciso treinos constantes durante anos. Isso serve para a nossa sociedade. O desenvolvimento de uma sociedade \u00e9 um esfor\u00e7o de d\u00e9cadas. Nenhum pa\u00eds se desenvolveu em poucos anos\u201d, afirmou\u00a0o governador, elogiando o empenho, dedica\u00e7\u00e3o e supera\u00e7\u00e3o dos atletas.<\/p>\n<p>Zema tamb\u00e9m\u00a0explicou que, apesar da dificuldade financeira do Estado, o\u00a0<a href=\"http:\/\/www.mg.gov.br\/\" target=\"_blank\" rel=\"noopener\">Governo de Minas<\/a>\u00a0tem se esfor\u00e7ado para apoiar o desenvolvimento do esporte. \u201cO Governo de Minas, por meio da\u00a0<a href=\"http:\/\/www.social.mg.gov.br\/\" target=\"_blank\" rel=\"noopener\">Secretaria de Estado de Desenvolvimento Social (Sedese)<\/a>, mant\u00e9m os programas Bolsa-Atleta e Bolsa-T\u00e9cnico que contribuem para a manuten\u00e7\u00e3o da carreira dos atletas e t\u00e9cnicos de alto rendimento\u201d, ressaltou.<\/p>\n<p><strong>Apoio<\/strong><\/p>\n<p>Os programas proporcionam apoio financeiro aos atletas que pleiteiam o benef\u00edcio, com o intuito de obter o pleno desenvolvimento esportivo para que possam, assim, representar o estado e o pa\u00eds nas principais competi\u00e7\u00f5es nacionais e internacionais.<\/p>\n<p>O nadador Gabriel Ara\u00fajo, o Gabrielzinho, que conquistou a primeira medalha para o Brasil nos Jogos Paral\u00edmpicos de T\u00f3quio, agradeceu pelo reconhecimento, por parte do Governo de Minas, do potencial dos competidores mineiros. \u201cN\u00f3s, altetas, sabemos de todas as dificuldades at\u00e9 chegar na competi\u00e7\u00e3o. Para estar l\u00e1 \u00e9 uma evolu\u00e7\u00e3o di\u00e1ria e uma dedica\u00e7\u00e3o total ao esporte. Eu agrade\u00e7o a ajuda e o apoio do Estado\u201d, disse.<\/p>\n<p>A secret\u00e1ria de Estado de Desenvolvimento Social, Elizabeth Juc\u00e1, parabenizou todos os atletas e destacou que eles s\u00e3o exemplos para os brasileiros pela persist\u00eancia e disciplina. \u201c\u00c9 isso que n\u00f3s queremos para os nossos jovens e para aqueles que desejam mudar de vida&#8221;, pontuou.<\/p>\n<p><strong>Edital<\/strong><\/p>\n<p>O \u00faltimo edital do programa voltado para atletas ol\u00edmpicos beneficiou 53 atletas e t\u00e9cnicos com um investimento total de R$ 504 mil. J\u00e1 o edital para os atletas paral\u00edmpicos beneficiou 88 atletas e t\u00e9cnicos com um valor de R$ 1,047 milh\u00e3o.<\/p>\n<p>Recentemente, foram publicadas as listas de classificados para os editais de 2021, que beneficiar\u00e3o 53 atletas e t\u00e9cnicos ol\u00edmpicos com um valor total de R$ 504 mil e, tamb\u00e9m, o edital paral\u00edmpico, que beneficiar\u00e1 104 atletas e t\u00e9cnicos com um valor total de R$ 1,284 milh\u00e3o.<\/p>\n<p><span style=\"font-weight: 400;\">Fonte: Ag\u00eancia Minas <\/span><\/p>\n","protected":false},"excerpt":{"rendered":"<p>O governador Romeu Zema participou de um caf\u00e9 da tarde, nesta segunda-feira (4\/10), no\u00a0Banco de Desenvolvimento de Minas Gerais (BDMG), em Belo Horizonte, para parabenizar atletas e t\u00e9cnicos ol\u00edmpicos e paraol\u00edmpicos que representaram Minas Gerais e o Brasil na Olimp\u00edadas e Paralimp\u00edadas de T\u00f3quio. \u201cEssa dedica\u00e7\u00e3o e disciplina que voc\u00eas t\u00eam \u00e9 algo que falta [&hellip;]<\/p>\n","protected":false},"author":246,"featured_media":189247,"comment_status":"closed","ping_status":"closed","sticky":false,"template":"","format":"standard","meta":{"footnotes":""},"categories":[436,440,254],"tags":[],"class_list":["post-189246","post","type-post","status-publish","format-standard","has-post-thumbnail","hentry","category-destaque-da-semana","category-destaques-do-dia","category-politica"],"_links":{"self":[{"href":"https:\/\/diarioregionaldigital.com.br\/index.php?rest_route=\/wp\/v2\/posts\/189246","targetHints":{"allow":["GET"]}}],"collection":[{"href":"https:\/\/diarioregionaldigital.com.br\/index.php?rest_route=\/wp\/v2\/posts"}],"about":[{"href":"https:\/\/diarioregionaldigital.com.br\/index.php?rest_route=\/wp\/v2\/types\/post"}],"author":[{"embeddable":true,"href":"https:\/\/diarioregionaldigital.com.br\/index.php?rest_route=\/wp\/v2\/users\/246"}],"replies":[{"embeddable":true,"href":"https:\/\/diarioregionaldigital.com.br\/index.php?rest_route=%2Fwp%2Fv2%2Fcomments&post=189246"}],"version-history":[{"count":1,"href":"https:\/\/diarioregionaldigital.com.br\/index.php?rest_route=\/wp\/v2\/posts\/189246\/revisions"}],"predecessor-version":[{"id":189248,"href":"https:\/\/diarioregionaldigital.com.br\/index.php?rest_route=\/wp\/v2\/posts\/189246\/revisions\/189248"}],"wp:featuredmedia":[{"embeddable":true,"href":"https:\/\/diarioregionaldigital.com.br\/index.php?rest_route=\/wp\/v2\/media\/189247"}],"wp:attachment":[{"href":"https:\/\/diarioregionaldigital.com.br\/index.php?rest_route=%2Fwp%2Fv2%2Fmedia&parent=189246"}],"wp:term":[{"taxonomy":"category","embeddable":true,"href":"https:\/\/diarioregionaldigital.com.br\/index.php?rest_route=%2Fwp%2Fv2%2Fcategories&post=189246"},{"taxonomy":"post_tag","embeddable":true,"href":"https:\/\/diarioregionaldigital.com.br\/index.php?rest_route=%2Fwp%2Fv2%2Ftags&post=189246"}],"curies":[{"name":"wp","href":"https:\/\/api.w.org\/{rel}","templated":true}]}}