{"id":189243,"date":"2021-10-05T13:15:14","date_gmt":"2021-10-05T16:15:14","guid":{"rendered":"https:\/\/diarioregionaldigital.com.br\/?p=189243"},"modified":"2021-10-05T13:15:14","modified_gmt":"2021-10-05T16:15:14","slug":"serasa-mostra-que-empresas-pagam-51-das-dividas-em-ate-60-dias","status":"publish","type":"post","link":"https:\/\/diarioregionaldigital.com.br\/?p=189243","title":{"rendered":"Serasa mostra que empresas pagam 51% das d\u00edvidas em at\u00e9 60 dias"},"content":{"rendered":"<p>O indicador de Recupera\u00e7\u00e3o de cr\u00e9dito da Serasa Experien mostra que 51% das d\u00edvidas de pessoas jur\u00eddica s\u00e3o pagas em at\u00e9 60 dias ap\u00f3s a empresa ter sido negativada. Os dados, divulgados hoje (4), s\u00e3o referentes a abril, o \u00faltimo m\u00eas consolidado.<\/p>\n<p>De acordo com a Serasa Experian, as d\u00edvidas de pessoas jur\u00eddicas seguem um padr\u00e3o: as mais recentes tendem a ser quitadas em maior n\u00famero do que aquelas com mais tempo de exist\u00eancia. Considerando compromissos vencidos h\u00e1 30 dias em abril, 64,4% foram recuperados; de 30 a 60 dias. Com prazo de vencimento de 60 a 90 dias, a recupera\u00e7\u00e3o foi de 44,6%; de 90 a 180 dias, de 31,4%; entre 180 dias e o primeiro ano, de 26,4%; e entre um ano e mais anos, de 15,7%.<\/p>\n<p>\u201cCom o passar do tempo, as multas e os encargos financeiros v\u00e3o encarecendo o valor das d\u00edvidas, e a situa\u00e7\u00e3o financeira das empresas com dificuldades pode se agravar ainda mais, o que torna mais dif\u00edcil a recupera\u00e7\u00e3o das d\u00edvidas mais antigas\u201d, destaca o economista da Serasa Experian, Luiz Rabi.<img decoding=\"async\" src=\"https:\/\/agenciabrasil.ebc.com.br\/ebc.png?id=1423496&amp;o=node\" \/><img decoding=\"async\" src=\"https:\/\/agenciabrasil.ebc.com.br\/ebc.gif?id=1423496&amp;o=node\" \/><\/p>\n<p><span style=\"font-weight: 400;\">Fonte: Ag\u00eancia Brasil <\/span><\/p>\n","protected":false},"excerpt":{"rendered":"<p>O indicador de Recupera\u00e7\u00e3o de cr\u00e9dito da Serasa Experien mostra que 51% das d\u00edvidas de pessoas jur\u00eddica s\u00e3o pagas em at\u00e9 60 dias ap\u00f3s a empresa ter sido negativada. Os dados, divulgados hoje (4), s\u00e3o referentes a abril, o \u00faltimo m\u00eas consolidado. De acordo com a Serasa Experian, as d\u00edvidas de pessoas jur\u00eddicas seguem um [&hellip;]<\/p>\n","protected":false},"author":246,"featured_media":189244,"comment_status":"closed","ping_status":"closed","sticky":false,"template":"","format":"standard","meta":{"footnotes":""},"categories":[436,261],"tags":[],"class_list":["post-189243","post","type-post","status-publish","format-standard","has-post-thumbnail","hentry","category-destaque-da-semana","category-economia"],"_links":{"self":[{"href":"https:\/\/diarioregionaldigital.com.br\/index.php?rest_route=\/wp\/v2\/posts\/189243","targetHints":{"allow":["GET"]}}],"collection":[{"href":"https:\/\/diarioregionaldigital.com.br\/index.php?rest_route=\/wp\/v2\/posts"}],"about":[{"href":"https:\/\/diarioregionaldigital.com.br\/index.php?rest_route=\/wp\/v2\/types\/post"}],"author":[{"embeddable":true,"href":"https:\/\/diarioregionaldigital.com.br\/index.php?rest_route=\/wp\/v2\/users\/246"}],"replies":[{"embeddable":true,"href":"https:\/\/diarioregionaldigital.com.br\/index.php?rest_route=%2Fwp%2Fv2%2Fcomments&post=189243"}],"version-history":[{"count":1,"href":"https:\/\/diarioregionaldigital.com.br\/index.php?rest_route=\/wp\/v2\/posts\/189243\/revisions"}],"predecessor-version":[{"id":189245,"href":"https:\/\/diarioregionaldigital.com.br\/index.php?rest_route=\/wp\/v2\/posts\/189243\/revisions\/189245"}],"wp:featuredmedia":[{"embeddable":true,"href":"https:\/\/diarioregionaldigital.com.br\/index.php?rest_route=\/wp\/v2\/media\/189244"}],"wp:attachment":[{"href":"https:\/\/diarioregionaldigital.com.br\/index.php?rest_route=%2Fwp%2Fv2%2Fmedia&parent=189243"}],"wp:term":[{"taxonomy":"category","embeddable":true,"href":"https:\/\/diarioregionaldigital.com.br\/index.php?rest_route=%2Fwp%2Fv2%2Fcategories&post=189243"},{"taxonomy":"post_tag","embeddable":true,"href":"https:\/\/diarioregionaldigital.com.br\/index.php?rest_route=%2Fwp%2Fv2%2Ftags&post=189243"}],"curies":[{"name":"wp","href":"https:\/\/api.w.org\/{rel}","templated":true}]}}