{"id":189240,"date":"2021-10-05T13:13:24","date_gmt":"2021-10-05T16:13:24","guid":{"rendered":"https:\/\/diarioregionaldigital.com.br\/?p=189240"},"modified":"2021-10-05T13:13:24","modified_gmt":"2021-10-05T16:13:24","slug":"banco-mundial-lanca-plataforma-brasil-aberto","status":"publish","type":"post","link":"https:\/\/diarioregionaldigital.com.br\/?p=189240","title":{"rendered":"Banco Mundial lan\u00e7a plataforma Brasil Aberto"},"content":{"rendered":"<p>Com o objetivo de favorecer o acompanhamento dos projetos e a\u00e7\u00f5es realizados no pa\u00eds, o Banco Mundial lan\u00e7ou, nesta segunda-feira (4), a plataforma\u00a0<em>online\u00a0<\/em>interativa\u00a0<a href=\"https:\/\/brasilaberto.worldbank.org\/pt\/\" target=\"_blank\" rel=\"noopener\">Brasil Aberto<\/a>, com informa\u00e7\u00f5es sobre seus estudos e opera\u00e7\u00f5es no pa\u00eds, no per\u00edodo de 2018 a 2023.<img decoding=\"async\" src=\"https:\/\/agenciabrasil.ebc.com.br\/ebc.png?id=1423508&amp;o=node\" \/><img decoding=\"async\" src=\"https:\/\/agenciabrasil.ebc.com.br\/ebc.gif?id=1423508&amp;o=node\" \/><\/p>\n<p>Segundo a organiza\u00e7\u00e3o multilateral,\u00a0 a iniciativa visa ainda fomentar a transpar\u00eancia e aprimorar suas rela\u00e7\u00f5es com o poder p\u00fablico e a sociedade em geral.<\/p>\n<p>\u201cTalvez voc\u00ea se pergunte o que o Banco Mundial esta fazendo no meu estado, ou minha regi\u00e3o, os resultados e os estudos. No Brasil, voc\u00ea vai encontrar respostas para todas essas perguntas\u201d, disse o economista s\u00eanior do Banco Mundial, Marek Hanusch, durante o lan\u00e7amento da plataforma.<\/p>\n<p>O Brasil Aberto apresenta informa\u00e7\u00f5es detalhadas sobre a produ\u00e7\u00e3o de conhecimento do banco, nos estudos e diagn\u00f3sticos sobre o pa\u00eds e sobre os projetos em desenvolvimento, com recursos inteligentes de supervis\u00e3o e monitoramento de resultados. Por meio da plataforma, \u00e9 poss\u00edvel acompanhar as a\u00e7\u00f5es desenvolvidas pelo Banco Mundial, com indicadores que medem o progresso e metas alcan\u00e7ados.<\/p>\n<p>Os dados s\u00e3o alimentados por informa\u00e7\u00f5es oficiais disponibilizadas por \u00f3rg\u00e3os do governo federal, como o Banco Central, o Instituto de Pesquisa Econ\u00f4mica Aplicada (Ipea) e o Instituto Brasileiro de Geografia e Estat\u00edstica (IBGE), al\u00e9m de outras fontes, como o pr\u00f3prio Banco Mundial, o que possibilita uma atualiza\u00e7\u00e3o quase em tempo real.<\/p>\n<p>Segundo a diretora do Banco Mundial para o Brasil, Paloma An\u00f3s Casero, o Brasil Aberto faz parte das a\u00e7\u00f5es estrat\u00e9gicas do Banco Mundial para o pa\u00eds, que s\u00e3o divididas em tr\u00eas focos: consolida\u00e7\u00e3o fiscal e efic\u00e1cia de governo; investimento, infraestrutura e crescimento da produtividade do setor privado; e desenvolvimento inclusivo e sustent\u00e1vel.<\/p>\n<p>Outro ponto \u00e9 que a plataforma tamb\u00e9m inclui uma \u00e1rea espec\u00edfica sobre o impacto da pandemia de covid-19 em diferentes setores da economia. \u201cA ideia \u00e9 mostrar, abrir para a sociedade, com muita transpar\u00eancia, esses programas do Banco Mundial no Brasil e permitir o monitoramento em tempo real e o impacto desses projetos e atividades, bem como permitir a intera\u00e7\u00e3o da sociedade com o banco\u201d, afirmou Paloma.<\/p>\n<p>Para auxiliar na obten\u00e7\u00e3o de informa\u00e7\u00f5es, cruzamento de dados e outras a\u00e7\u00f5es, a plataforma disp\u00f5e de novas tecnologias, incluindo big data, open data, sensoriamento remoto (como imagens por sat\u00e9lite), m\u00eddias sociais e ferramentas que monitoram os resultados. Tamb\u00e9m h\u00e1 uma \u00e1rea espec\u00edfica na se\u00e7\u00e3o comunica\u00e7\u00e3o que aborda o debate nas m\u00eddias sociais sobre o trabalho do Banco Mundial no Brasil.<\/p>\n<p>De acordo com o secret\u00e1rio de Assuntos Econ\u00f4micos Internacionais do Minist\u00e9rio da Economia, Erivaldo Gomes, a iniciativa vai ao encontro da atua\u00e7\u00e3o do governo, que tem intensificado o uso de ferramentas digitais. Gomes destacou que, al\u00e9m de interativa, a plataforma Brasil Aberto \u00e9 uma ferramenta para engajar as pessoas no acompanhamento das a\u00e7\u00f5es desenvolvidas pelo Banco Mundial. \u201cSer\u00e1 uma importante fonte de consultas para gestores, pesquisadores e estudantes interessados nos estudos setoriais e diagn\u00f3sticos e tamb\u00e9m nas experi\u00eancias no financiamento de projetos voltados ao desenvolvimento econ\u00f4mico\u201d, disse Gomes.<\/p>\n<p>Para Gomes, a ferramenta vai ajudar a aprimorar a estrat\u00e9gia do governo brasileiro com os bancos multilaterais. \u201cO governo brasileiro necessita que a atua\u00e7\u00e3o dos bancos multilaterais seja focada em maximizar as suas atua\u00e7\u00f5es na promo\u00e7\u00e3o do desenvolvimento econ\u00f4mico. Para o futuro, esperamos do Banco Mundial um papel de lideran\u00e7a no apoio \u00e0 gera\u00e7\u00e3o de conhecimento no pais\u201d, acrescentou o secret\u00e1rio, ressaltando que a prioridade deveria recair em projetos de infraestrutura e amplia\u00e7\u00e3o dos recursos voltados para o setor privado.<\/p>\n<p>O secret\u00e1rio de Assuntos Econ\u00f4micos Internacionais do Minist\u00e9rio da Economia lembrou que, em 2020, o Banco Mundial aprovou mais de US$ 4 bilh\u00f5es em novos financiamentos, incluindo estudos anal\u00edticos com o objetivo de contribuir para o debate de pol\u00edticas p\u00fablicas no pa\u00eds. Desse montante, cerca de US$ 2,9 bilh\u00f5es foram para o setor privado e US$ 1,2 bilh\u00e3o para o setor p\u00fablico, com foco maior em estados e munic\u00edpios.<\/p>\n<p>\u201cNossa proposta \u00e9 ampliar o card\u00e1pio de op\u00e7\u00f5es de instrumentos de financiamento, de modalidades, trazendo instrumentos inovadores, bem como servi\u00e7os de assist\u00eancia t\u00e9cnica, consultorias e prepara\u00e7\u00e3o de projetos, em fun\u00e7\u00e3o das necessidades que temos aqui no pa\u00eds\u201d, acrescentou.<\/p>\n<p><span style=\"font-weight: 400;\">Fonte: Ag\u00eancia Brasil <\/span><\/p>\n","protected":false},"excerpt":{"rendered":"<p>Com o objetivo de favorecer o acompanhamento dos projetos e a\u00e7\u00f5es realizados no pa\u00eds, o Banco Mundial lan\u00e7ou, nesta segunda-feira (4), a plataforma\u00a0online\u00a0interativa\u00a0Brasil Aberto, com informa\u00e7\u00f5es sobre seus estudos e opera\u00e7\u00f5es no pa\u00eds, no per\u00edodo de 2018 a 2023. Segundo a organiza\u00e7\u00e3o multilateral,\u00a0 a iniciativa visa ainda fomentar a transpar\u00eancia e aprimorar suas rela\u00e7\u00f5es com [&hellip;]<\/p>\n","protected":false},"author":246,"featured_media":189241,"comment_status":"closed","ping_status":"closed","sticky":false,"template":"","format":"standard","meta":{"footnotes":""},"categories":[436,261],"tags":[],"class_list":["post-189240","post","type-post","status-publish","format-standard","has-post-thumbnail","hentry","category-destaque-da-semana","category-economia"],"_links":{"self":[{"href":"https:\/\/diarioregionaldigital.com.br\/index.php?rest_route=\/wp\/v2\/posts\/189240","targetHints":{"allow":["GET"]}}],"collection":[{"href":"https:\/\/diarioregionaldigital.com.br\/index.php?rest_route=\/wp\/v2\/posts"}],"about":[{"href":"https:\/\/diarioregionaldigital.com.br\/index.php?rest_route=\/wp\/v2\/types\/post"}],"author":[{"embeddable":true,"href":"https:\/\/diarioregionaldigital.com.br\/index.php?rest_route=\/wp\/v2\/users\/246"}],"replies":[{"embeddable":true,"href":"https:\/\/diarioregionaldigital.com.br\/index.php?rest_route=%2Fwp%2Fv2%2Fcomments&post=189240"}],"version-history":[{"count":1,"href":"https:\/\/diarioregionaldigital.com.br\/index.php?rest_route=\/wp\/v2\/posts\/189240\/revisions"}],"predecessor-version":[{"id":189242,"href":"https:\/\/diarioregionaldigital.com.br\/index.php?rest_route=\/wp\/v2\/posts\/189240\/revisions\/189242"}],"wp:featuredmedia":[{"embeddable":true,"href":"https:\/\/diarioregionaldigital.com.br\/index.php?rest_route=\/wp\/v2\/media\/189241"}],"wp:attachment":[{"href":"https:\/\/diarioregionaldigital.com.br\/index.php?rest_route=%2Fwp%2Fv2%2Fmedia&parent=189240"}],"wp:term":[{"taxonomy":"category","embeddable":true,"href":"https:\/\/diarioregionaldigital.com.br\/index.php?rest_route=%2Fwp%2Fv2%2Fcategories&post=189240"},{"taxonomy":"post_tag","embeddable":true,"href":"https:\/\/diarioregionaldigital.com.br\/index.php?rest_route=%2Fwp%2Fv2%2Ftags&post=189240"}],"curies":[{"name":"wp","href":"https:\/\/api.w.org\/{rel}","templated":true}]}}