{"id":189228,"date":"2021-10-05T12:16:34","date_gmt":"2021-10-05T15:16:34","guid":{"rendered":"https:\/\/diarioregionaldigital.com.br\/?p=189228"},"modified":"2021-10-05T12:16:34","modified_gmt":"2021-10-05T15:16:34","slug":"policia-militar-atende-vitima-de-roubo-na-regiao-central-da-cidade","status":"publish","type":"post","link":"https:\/\/diarioregionaldigital.com.br\/?p=189228","title":{"rendered":"Pol\u00edcia Militar atende v\u00edtima de roubo na regi\u00e3o central da cidade"},"content":{"rendered":"<p>Na madrugada desta ter\u00e7a-feira, 05out21 por volta das 00h14min, durante patrulhamento pela Avenida Get\u00falio Vargas no Centro, a Pol\u00edcia Militar foi solicitada por um homem de 26 anos, v\u00edtima de roubo. Segundo relato, transitava pelo local quando foi abordado por um homem e uma mulher, que utilizando de for\u00e7a f\u00edsica o agrediram com chutes e subtra\u00edram o seu telefone celular. V\u00edtima recusou atendimento m\u00e9dico e foi orientada quanto \u00e0s demais provid\u00eancias. A Pol\u00edcia Militar segue rastreamento para pris\u00e3o dos autores da a\u00e7\u00e3o criminosa.<\/p>\n","protected":false},"excerpt":{"rendered":"<p>Na madrugada desta ter\u00e7a-feira, 05out21 por volta das 00h14min, durante patrulhamento pela Avenida Get\u00falio Vargas no Centro, a Pol\u00edcia Militar foi solicitada por um homem de 26 anos, v\u00edtima de roubo. Segundo relato, transitava pelo local quando foi abordado por um homem e uma mulher, que utilizando de for\u00e7a f\u00edsica o agrediram com chutes e [&hellip;]<\/p>\n","protected":false},"author":246,"featured_media":189231,"comment_status":"closed","ping_status":"closed","sticky":false,"template":"","format":"standard","meta":{"footnotes":""},"categories":[301],"tags":[],"class_list":["post-189228","post","type-post","status-publish","format-standard","has-post-thumbnail","hentry","category-artigos-policiais"],"_links":{"self":[{"href":"https:\/\/diarioregionaldigital.com.br\/index.php?rest_route=\/wp\/v2\/posts\/189228","targetHints":{"allow":["GET"]}}],"collection":[{"href":"https:\/\/diarioregionaldigital.com.br\/index.php?rest_route=\/wp\/v2\/posts"}],"about":[{"href":"https:\/\/diarioregionaldigital.com.br\/index.php?rest_route=\/wp\/v2\/types\/post"}],"author":[{"embeddable":true,"href":"https:\/\/diarioregionaldigital.com.br\/index.php?rest_route=\/wp\/v2\/users\/246"}],"replies":[{"embeddable":true,"href":"https:\/\/diarioregionaldigital.com.br\/index.php?rest_route=%2Fwp%2Fv2%2Fcomments&post=189228"}],"version-history":[{"count":2,"href":"https:\/\/diarioregionaldigital.com.br\/index.php?rest_route=\/wp\/v2\/posts\/189228\/revisions"}],"predecessor-version":[{"id":189233,"href":"https:\/\/diarioregionaldigital.com.br\/index.php?rest_route=\/wp\/v2\/posts\/189228\/revisions\/189233"}],"wp:featuredmedia":[{"embeddable":true,"href":"https:\/\/diarioregionaldigital.com.br\/index.php?rest_route=\/wp\/v2\/media\/189231"}],"wp:attachment":[{"href":"https:\/\/diarioregionaldigital.com.br\/index.php?rest_route=%2Fwp%2Fv2%2Fmedia&parent=189228"}],"wp:term":[{"taxonomy":"category","embeddable":true,"href":"https:\/\/diarioregionaldigital.com.br\/index.php?rest_route=%2Fwp%2Fv2%2Fcategories&post=189228"},{"taxonomy":"post_tag","embeddable":true,"href":"https:\/\/diarioregionaldigital.com.br\/index.php?rest_route=%2Fwp%2Fv2%2Ftags&post=189228"}],"curies":[{"name":"wp","href":"https:\/\/api.w.org\/{rel}","templated":true}]}}