{"id":189225,"date":"2021-10-05T12:07:08","date_gmt":"2021-10-05T15:07:08","guid":{"rendered":"https:\/\/diarioregionaldigital.com.br\/?p=189225"},"modified":"2021-10-05T12:07:08","modified_gmt":"2021-10-05T15:07:08","slug":"policia-militar-apreende-materiais-relacionados-ao-trafico-de-drogas-no-bairro-alto-santo-antonio","status":"publish","type":"post","link":"https:\/\/diarioregionaldigital.com.br\/?p=189225","title":{"rendered":"Pol\u00edcia Militar apreende materiais relacionados ao tr\u00e1fico de drogas no bairro Alto Santo Ant\u00f4nio"},"content":{"rendered":"<p>No dia 04out21 por volta das 20h13min, a Pol\u00edcia Militar se deslocou at\u00e9 a Rua Uni\u00e3o no bairro Alto Santo Ant\u00f4nio para verifica\u00e7\u00e3o de den\u00fancia referente a drogas que estariam escondidas na mata. No local, intensa varredura foi realizada, tendo a Pol\u00edcia Militar logrado \u00eaxito na localiza\u00e7\u00e3o e apreens\u00e3o de todo material descrito: 11 barras de maconha, 02 tabletes de maconha, 01 bucha de maconha, 01 pedra bruta de crack, 120 muni\u00e7\u00f5es calibre 38, 01 rev\u00f3lver calibre 38, 02 rev\u00f3lveres calibre 32. Todo o material foi encaminhado \u00e0 Delegacia. A Pol\u00edcia Militar segue em rastreamento para apreens\u00e3o de um adolescente de 17 anos, apontado como envolvido.<\/p>\n","protected":false},"excerpt":{"rendered":"<p>No dia 04out21 por volta das 20h13min, a Pol\u00edcia Militar se deslocou at\u00e9 a Rua Uni\u00e3o no bairro Alto Santo Ant\u00f4nio para verifica\u00e7\u00e3o de den\u00fancia referente a drogas que estariam escondidas na mata. No local, intensa varredura foi realizada, tendo a Pol\u00edcia Militar logrado \u00eaxito na localiza\u00e7\u00e3o e apreens\u00e3o de todo material descrito: 11 barras [&hellip;]<\/p>\n","protected":false},"author":246,"featured_media":189226,"comment_status":"closed","ping_status":"closed","sticky":false,"template":"","format":"standard","meta":{"footnotes":""},"categories":[301],"tags":[],"class_list":["post-189225","post","type-post","status-publish","format-standard","has-post-thumbnail","hentry","category-artigos-policiais"],"_links":{"self":[{"href":"https:\/\/diarioregionaldigital.com.br\/index.php?rest_route=\/wp\/v2\/posts\/189225","targetHints":{"allow":["GET"]}}],"collection":[{"href":"https:\/\/diarioregionaldigital.com.br\/index.php?rest_route=\/wp\/v2\/posts"}],"about":[{"href":"https:\/\/diarioregionaldigital.com.br\/index.php?rest_route=\/wp\/v2\/types\/post"}],"author":[{"embeddable":true,"href":"https:\/\/diarioregionaldigital.com.br\/index.php?rest_route=\/wp\/v2\/users\/246"}],"replies":[{"embeddable":true,"href":"https:\/\/diarioregionaldigital.com.br\/index.php?rest_route=%2Fwp%2Fv2%2Fcomments&post=189225"}],"version-history":[{"count":1,"href":"https:\/\/diarioregionaldigital.com.br\/index.php?rest_route=\/wp\/v2\/posts\/189225\/revisions"}],"predecessor-version":[{"id":189227,"href":"https:\/\/diarioregionaldigital.com.br\/index.php?rest_route=\/wp\/v2\/posts\/189225\/revisions\/189227"}],"wp:featuredmedia":[{"embeddable":true,"href":"https:\/\/diarioregionaldigital.com.br\/index.php?rest_route=\/wp\/v2\/media\/189226"}],"wp:attachment":[{"href":"https:\/\/diarioregionaldigital.com.br\/index.php?rest_route=%2Fwp%2Fv2%2Fmedia&parent=189225"}],"wp:term":[{"taxonomy":"category","embeddable":true,"href":"https:\/\/diarioregionaldigital.com.br\/index.php?rest_route=%2Fwp%2Fv2%2Fcategories&post=189225"},{"taxonomy":"post_tag","embeddable":true,"href":"https:\/\/diarioregionaldigital.com.br\/index.php?rest_route=%2Fwp%2Fv2%2Ftags&post=189225"}],"curies":[{"name":"wp","href":"https:\/\/api.w.org\/{rel}","templated":true}]}}