{"id":189216,"date":"2021-10-04T16:21:30","date_gmt":"2021-10-04T19:21:30","guid":{"rendered":"https:\/\/diarioregionaldigital.com.br\/?p=189216"},"modified":"2021-10-04T16:21:30","modified_gmt":"2021-10-04T19:21:30","slug":"smu-executa-63-acoes-de-zeladoria-em-setembro","status":"publish","type":"post","link":"https:\/\/diarioregionaldigital.com.br\/?p=189216","title":{"rendered":"SMU executa 63 a\u00e7\u00f5es de zeladoria em setembro"},"content":{"rendered":"<p>Ao longo do m\u00eas de setembro, a Secretaria de Mobilidade Urbana (SMU) da Prefeitura de Juiz de Fora (PJF) executou 63 a\u00e7\u00f5es de zeladoria em 35 bairros do munic\u00edpio. Foi realizada a pintura da sinaliza\u00e7\u00e3o horizontal de tr\u00e2nsito de aproximadamente 1.660 m\u00b2, al\u00e9m da implanta\u00e7\u00e3o de 108 placas e 42 telas de gradil. Trata-se de uma a\u00e7\u00e3o cont\u00ednua da Secretaria, que tem como objetivo proporcionar maior seguran\u00e7a aos pedestres.<\/p>\n<p>Segundo informa\u00e7\u00f5es do site da Prefeitura de Juiz de Fora, os trabalhos mais recentes tiveram como foco as escolas, tendo em vista o recente retorno das aulas presenciais da educa\u00e7\u00e3o infantil. \u201cNo \u00faltimo m\u00eas, implantamos gradis em oito escolas, que tamb\u00e9m receberam placas de travessia escolar e pintura horizontal. Recentemente, conclu\u00edmos este tipo de servi\u00e7o na Escola Municipal Olinda de Paiva Magalh\u00e3es e na Creche Comunit\u00e1ria Nossa Senhora de F\u00e1tima, no bairro Jardim Esperan\u00e7a\u201d, contou o supervisor do setor de sinaliza\u00e7\u00e3o da SMU, Breno Neves.<\/p>\n<p><b>Gabinete de A\u00e7\u00e3o e Di\u00e1logo Comunit\u00e1rio<\/b><\/p>\n<p>As a\u00e7\u00f5es da Secretaria de Mobilidade Urbana (SMU) s\u00e3o realizadas atrav\u00e9s do Gabinete de A\u00e7\u00e3o e Di\u00e1logo Comunit\u00e1rio, que recebe demandas de melhorias urbanas pelo n\u00famero (32) 3690-7241, por liga\u00e7\u00e3o ou WhatsApp.<\/p>\n<p>No\u00a0<a href=\"https:\/\/www.pjf.mg.gov.br\/gabinetecomunitario\/\"><b>site do gabinete<\/b><\/a>, est\u00e3o dispon\u00edveis informa\u00e7\u00f5es atualizadas diariamente sobre os servi\u00e7os realizados pelas secretarias de Mobilidade Urbana (SMU); Obras (SO); de Sustentabilidade em Meio Ambiente e Atividades Urbanas (Sesmaur); e pela Empresa Municipal de Pavimenta\u00e7\u00e3o e Urbaniza\u00e7\u00e3o (Empav); Departamento Municipal de Limpeza Urbana (Demlurb) e Companhia de Saneamento Municipal (Cesama).<\/p>\n","protected":false},"excerpt":{"rendered":"<p>Ao longo do m\u00eas de setembro, a Secretaria de Mobilidade Urbana (SMU) da Prefeitura de Juiz de Fora (PJF) executou 63 a\u00e7\u00f5es de zeladoria em 35 bairros do munic\u00edpio. Foi realizada a pintura da sinaliza\u00e7\u00e3o horizontal de tr\u00e2nsito de aproximadamente 1.660 m\u00b2, al\u00e9m da implanta\u00e7\u00e3o de 108 placas e 42 telas de gradil. Trata-se de [&hellip;]<\/p>\n","protected":false},"author":246,"featured_media":189217,"comment_status":"closed","ping_status":"closed","sticky":false,"template":"","format":"standard","meta":{"footnotes":""},"categories":[253,436],"tags":[],"class_list":["post-189216","post","type-post","status-publish","format-standard","has-post-thumbnail","hentry","category-cidade","category-destaque-da-semana"],"_links":{"self":[{"href":"https:\/\/diarioregionaldigital.com.br\/index.php?rest_route=\/wp\/v2\/posts\/189216","targetHints":{"allow":["GET"]}}],"collection":[{"href":"https:\/\/diarioregionaldigital.com.br\/index.php?rest_route=\/wp\/v2\/posts"}],"about":[{"href":"https:\/\/diarioregionaldigital.com.br\/index.php?rest_route=\/wp\/v2\/types\/post"}],"author":[{"embeddable":true,"href":"https:\/\/diarioregionaldigital.com.br\/index.php?rest_route=\/wp\/v2\/users\/246"}],"replies":[{"embeddable":true,"href":"https:\/\/diarioregionaldigital.com.br\/index.php?rest_route=%2Fwp%2Fv2%2Fcomments&post=189216"}],"version-history":[{"count":2,"href":"https:\/\/diarioregionaldigital.com.br\/index.php?rest_route=\/wp\/v2\/posts\/189216\/revisions"}],"predecessor-version":[{"id":189219,"href":"https:\/\/diarioregionaldigital.com.br\/index.php?rest_route=\/wp\/v2\/posts\/189216\/revisions\/189219"}],"wp:featuredmedia":[{"embeddable":true,"href":"https:\/\/diarioregionaldigital.com.br\/index.php?rest_route=\/wp\/v2\/media\/189217"}],"wp:attachment":[{"href":"https:\/\/diarioregionaldigital.com.br\/index.php?rest_route=%2Fwp%2Fv2%2Fmedia&parent=189216"}],"wp:term":[{"taxonomy":"category","embeddable":true,"href":"https:\/\/diarioregionaldigital.com.br\/index.php?rest_route=%2Fwp%2Fv2%2Fcategories&post=189216"},{"taxonomy":"post_tag","embeddable":true,"href":"https:\/\/diarioregionaldigital.com.br\/index.php?rest_route=%2Fwp%2Fv2%2Ftags&post=189216"}],"curies":[{"name":"wp","href":"https:\/\/api.w.org\/{rel}","templated":true}]}}