{"id":189210,"date":"2021-10-04T16:16:45","date_gmt":"2021-10-04T19:16:45","guid":{"rendered":"https:\/\/diarioregionaldigital.com.br\/?p=189210"},"modified":"2021-10-04T16:16:45","modified_gmt":"2021-10-04T19:16:45","slug":"comprovante-de-vacinacao-contra-covid-19-comeca-a-ser-cobrado-em-entrada-de-eventos","status":"publish","type":"post","link":"https:\/\/diarioregionaldigital.com.br\/?p=189210","title":{"rendered":"Comprovante de vacina\u00e7\u00e3o contra Covid-19 come\u00e7a a ser cobrado em entrada de eventos"},"content":{"rendered":"<p>Entre os dias 30 de setembro e 2 de outubro, a equipe de fiscaliza\u00e7\u00e3o do programa \u201cJF Viva\u201d vistoriou 149 estabelecimentos em Juiz de Fora. Durante as rondas noturnas e diurnas, foram emitidos 39 documentos, entre notifica\u00e7\u00f5es, termos de intima\u00e7\u00e3o e outras dilig\u00eancias fiscais.<\/p>\n<p>Segundo informa\u00e7\u00f5es do site da Prefeitura de Juiz de Fora, este foi o primeiro fim de semana depois da flexibiliza\u00e7\u00e3o do novo decreto em que a equipe cobrou a aplica\u00e7\u00e3o das novas regras, incluindo o protocolo de exig\u00eancia do cart\u00e3o com o esquema vacinal (Covid-19) completo na entrada dos eventos de entretenimento e outros setores.<\/p>\n<p>\u201cCabe aos estabelecimentos realizar o controle de clientes, verificando a apresenta\u00e7\u00e3o do cart\u00e3o de vacina ou do aplicativo \u201cConecte SUS\u201d com o esquema de vacina\u00e7\u00e3o completo ou em dia, conforme as atividades licenciadas. Este procedimento tem por objetivo garantir a seguran\u00e7a sanit\u00e1ria de todos os frequentadores e colaboradores durante o processo de retomada das atividades\u201d, ressaltou o gerente de Fiscaliza\u00e7\u00e3o da Secretaria de Sustentabilidade em Meio Ambiente e Atividades Urbanas (Sesmaur), Cl\u00e1udio Peronelli.<\/p>\n<p>A tabela de atividades e os protocolos gerais do Programa \u201cJF Viva &#8211; Cidade em Movimento\u201d podem ser consultados nos links:<\/p>\n<p><a href=\"https:\/\/covid19.pjf.mg.gov.br\/arquivos\/2709-funcionamento-atividades.pdf\"><b>Funcionamento das atividades<\/b><\/a><\/p>\n<p><a href=\"https:\/\/covid19.pjf.mg.gov.br\/arquivos\/regulamento-jf-viva.pdf\"><b>Regulamento do programa &#8220;JF Viva&#8221;<\/b><\/a><\/p>\n<p>A opera\u00e7\u00e3o conta com fiscais de posturas da Secretaria de Sustentabilidade em Meio Ambiente e Atividades Urbanas (Sesmaur); dos Guardas Municipais, da Secretaria de Seguran\u00e7a Urbana e Cidadania (Sesuc); dos Agentes de Transporte e Tr\u00e2nsito da Secretaria de Mobilidade Urbana (SMU) e da Pol\u00edcia Militar (PMMG). As a\u00e7\u00f5es s\u00e3o coordenadas pela secret\u00e1ria de Governo, Cidinha Louzada.<\/p>\n<p><b>Informa\u00e7\u00f5es e den\u00fancias:<\/b><\/p>\n<p>WhatsApp: (32) 3690-7984 &#8211; Atendimento 24 horas por dia por meio de envio de mensagens.<\/p>\n<p>Procon Whatsapp: 98463-2687 \/ 3690-7610\/7611.<\/p>\n<p>Vigil\u00e2ncia Sanit\u00e1ria: 3690-7472 (8h \u00e0s 12h e 13h \u00e0s 17h).<\/p>\n<p>Guarda Municipal: 153<\/p>\n","protected":false},"excerpt":{"rendered":"<p>Entre os dias 30 de setembro e 2 de outubro, a equipe de fiscaliza\u00e7\u00e3o do programa \u201cJF Viva\u201d vistoriou 149 estabelecimentos em Juiz de Fora. Durante as rondas noturnas e diurnas, foram emitidos 39 documentos, entre notifica\u00e7\u00f5es, termos de intima\u00e7\u00e3o e outras dilig\u00eancias fiscais. Segundo informa\u00e7\u00f5es do site da Prefeitura de Juiz de Fora, este [&hellip;]<\/p>\n","protected":false},"author":246,"featured_media":189211,"comment_status":"closed","ping_status":"closed","sticky":false,"template":"","format":"standard","meta":{"footnotes":""},"categories":[253,436],"tags":[],"class_list":["post-189210","post","type-post","status-publish","format-standard","has-post-thumbnail","hentry","category-cidade","category-destaque-da-semana"],"_links":{"self":[{"href":"https:\/\/diarioregionaldigital.com.br\/index.php?rest_route=\/wp\/v2\/posts\/189210","targetHints":{"allow":["GET"]}}],"collection":[{"href":"https:\/\/diarioregionaldigital.com.br\/index.php?rest_route=\/wp\/v2\/posts"}],"about":[{"href":"https:\/\/diarioregionaldigital.com.br\/index.php?rest_route=\/wp\/v2\/types\/post"}],"author":[{"embeddable":true,"href":"https:\/\/diarioregionaldigital.com.br\/index.php?rest_route=\/wp\/v2\/users\/246"}],"replies":[{"embeddable":true,"href":"https:\/\/diarioregionaldigital.com.br\/index.php?rest_route=%2Fwp%2Fv2%2Fcomments&post=189210"}],"version-history":[{"count":1,"href":"https:\/\/diarioregionaldigital.com.br\/index.php?rest_route=\/wp\/v2\/posts\/189210\/revisions"}],"predecessor-version":[{"id":189212,"href":"https:\/\/diarioregionaldigital.com.br\/index.php?rest_route=\/wp\/v2\/posts\/189210\/revisions\/189212"}],"wp:featuredmedia":[{"embeddable":true,"href":"https:\/\/diarioregionaldigital.com.br\/index.php?rest_route=\/wp\/v2\/media\/189211"}],"wp:attachment":[{"href":"https:\/\/diarioregionaldigital.com.br\/index.php?rest_route=%2Fwp%2Fv2%2Fmedia&parent=189210"}],"wp:term":[{"taxonomy":"category","embeddable":true,"href":"https:\/\/diarioregionaldigital.com.br\/index.php?rest_route=%2Fwp%2Fv2%2Fcategories&post=189210"},{"taxonomy":"post_tag","embeddable":true,"href":"https:\/\/diarioregionaldigital.com.br\/index.php?rest_route=%2Fwp%2Fv2%2Ftags&post=189210"}],"curies":[{"name":"wp","href":"https:\/\/api.w.org\/{rel}","templated":true}]}}