{"id":189207,"date":"2021-10-04T16:10:24","date_gmt":"2021-10-04T19:10:24","guid":{"rendered":"https:\/\/diarioregionaldigital.com.br\/?p=189207"},"modified":"2021-10-04T16:10:24","modified_gmt":"2021-10-04T19:10:24","slug":"publico-de-60-anos-ou-mais-com-2a-dose-ha-pelo-menos-6-meses-recebe-reforco-contra-covid","status":"publish","type":"post","link":"https:\/\/diarioregionaldigital.com.br\/?p=189207","title":{"rendered":"P\u00fablico de 60 anos ou mais com 2\u00aa dose h\u00e1 pelo menos 6 meses recebe refor\u00e7o contra Covid"},"content":{"rendered":"<p>A Secretaria de Sa\u00fade (SS) da Prefeitura de Juiz de Fora (PJF) disponibiliza a dose de refor\u00e7o aos idosos com 60 anos ou mais que j\u00e1 tenham tomado a segunda dose da vacina contra a Covid-19 h\u00e1 pelo menos seis meses. At\u00e9 a semana passada, podiam receber a vacina de refor\u00e7o os idosos acima de 70 anos. A partir de ter\u00e7a-feira, 5, a dose de refor\u00e7o estar\u00e1 dispon\u00edvel no Departamento de Sa\u00fade do Idoso (DSI), das 8h \u00e0s 11h e das 13h \u00e0s 16h; nas Unidades B\u00e1sicas de Sa\u00fade (UBSs) do Bairro de Lourdes, Bandeirantes, Benfica, Milho Branco, Nossa Senhora Aparecida, Santa Cec\u00edlia, Santa Luzia, S\u00e3o Pedro, Progresso e Vila Ideal, das 8h \u00e0s 11h e das 13h \u00e0s 16h; e em outras 36 UBSs, das 8h \u00e0s 11h.<\/p>\n<p>Segundo informa\u00e7\u00f5es do site da Prefeitura de Juiz de Fora, para receber a vacina de refor\u00e7o contra o coronav\u00edrus, o idoso de 60 anos ou mais que recebeu a D2 h\u00e1 pelo menos seis meses deve apresentar, em um destes locais de imuniza\u00e7\u00e3o, o cart\u00e3o de vacina como forma de comprovar o recebimento da segunda dose no prazo estipulado, al\u00e9m de um documento original com foto, como documento de identidade ou carteira de motorista.<\/p>\n<p>*\u00c0s quinta-feiras, as 10 UBSs que realizam a vacina\u00e7\u00e3o contra a Covid-19 em dois turnos atendem em hor\u00e1rio diferenciado: das 8h \u00e0s 11h e das 13h \u00e0s 14h.<\/p>\n<p><b>Confira os endere\u00e7os dos locais de aplica\u00e7\u00e3o da dose de refor\u00e7o<\/b><\/p>\n<p><b>Departamento de Sa\u00fade do Idoso &#8211; 8h \u00e0s 11h e 13h \u00e0s 16h<\/b><br \/>\nRua Batista de Oliveira, 943, Granbery<\/p>\n<p><b>10 UBSs refer\u00eancia que vacinam de 8h \u00e0s 11h e de 13h \u00e0s 16h:<\/b><br \/>\nUBS Bairro Nossa Senhora de Lourdes, Rua In\u00e1cio Gama, 813;<br \/>\nUBS Benfica, Rua Guararapes, 106;<br \/>\nUBS Nossa Senhora Aparecida, Rua Nossa Senhora Aparecida, 775;<br \/>\nUBS Santa Luzia, Rua Torre\u00f5es, s\/n\u00ba<br \/>\nUBS S\u00e3o Pedro, Rua Jo\u00e3o Louren\u00e7o Kelmer, 1.433;<br \/>\nUBS Vila Ideal, Avenida Francisco Valadares, 1.910<br \/>\nUBS Milho Branco, Rua Nicolau Schuery, s\/n\u00ba<br \/>\nUBS Progresso, Rua Jorge Knopp, n\u00ba 119<br \/>\nUBS Santa Cec\u00edlia, Rua Gabriel Rodrigues, n\u00ba 900<br \/>\nUBS Bandeirantes, Rua Laurindo Nocelli, n\u00ba 100<\/p>\n<p><b>36 UBSs que vacinam de 8h \u00e0s 11h:<\/b><br \/>\n&#8211; UBS Alto Graja\u00fa, Rua Doutor Leonel Jaguaribe, 178;<br \/>\n&#8211; UBS Bairro Industrial, Rua Jo\u00e3o Gualberto,110;<br \/>\n&#8211; UBS Barreira do Triunfo, Avenida Juscelino Kubitscheck, s\/n\u00ba;<br \/>\n&#8211; UBS Borboleta, Rua Tenente Paulo Maria Delage, 229;<br \/>\n&#8211; UBS Centro Sul, Av. Bar\u00e3o do Rio Branco, 3132, Centro;<br \/>\n&#8211; UBS Cidade do Sol, Rua Gustavo Capanema, 70;<br \/>\n&#8211; UBS Dom Bosco, Rua Jo\u00e3o Manata, 93;<br \/>\n&#8211; UBS Esplanada, Rua Bias Fortes, 74;<br \/>\n&#8211; UBS Filgueiras, Rua Orlando Riani, 2.200;<br \/>\n&#8211; UBS Furtado de Menezes, Rua Furtado de Menezes, 19 \u00c0;<br \/>\n&#8211; UBS Grama, Pra\u00e7a \u00c1ureo Carneiro s\/n;<br \/>\n&#8211; UBS Granjas Beth\u00e2nia, Rua Nove de Julho, 294;<br \/>\n&#8211; UBS Ipiranga, Rua Etiene Loures, 85;<br \/>\n&#8211; UBS Jardim da Lua, Rua Natalino Jos\u00e9 de Paula, 314;<br \/>\n&#8211; UBS Jardim Esperan\u00e7a, Rua Padre Jo\u00e3o Micheleto, 35;<br \/>\n&#8211; UBS Jardim Natal, Rua Tenente Lucas Drumond, 370;<br \/>\n&#8211; UBS Joquei Clube I, Rua Antonio Armando Pereira, 140;<br \/>\n&#8211; UBS Joquei Clube II, Rua Antonio Guimar\u00e3es Peralva, 130;<br \/>\n&#8211; UBS Linhares, Rua Ministro Odilon Braga, s\/n\u00ba;<br \/>\n&#8211; UBS Marumbi, Rua Bar\u00e3o do Retiro, 1.462;<br \/>\n&#8211; UBS Monte Castelo, Rua Doutor Oswaldo Mascarenhas, s\/n\u00ba;<br \/>\n&#8211; UBS Nossa Senhora das Gra\u00e7as, Rua Queluz 72;<br \/>\n&#8211; UBS Nova Era, Rua Guimar\u00e3es Junior, 850;<br \/>\n&#8211; UBS Parque Guarani, Rua Sofia Rafael Zacarias, 685;<br \/>\n&#8211; UBS Retiro, Rua Sebasti\u00e3o Cardoso, 41;<br \/>\n&#8211; UBS Santa Cruz, Rua Doutor Antonio Mour\u00e3o Guimar\u00e3es, 245;<br \/>\n&#8211; UBS Santa Efig\u00eania, Rua Jos\u00e9 Ferreira, 13;<br \/>\n&#8211; UBS Santa Rita, Rua Jos\u00e9 Vicente, 390;<br \/>\n&#8211; UBS Santo Ant\u00f4nio, Rua Pedro Trogo, 285;<br \/>\n&#8211; UBS Santos Dumont; Rua Alvaro Jos\u00e9 Rodrigues, 25;<br \/>\n&#8211; UBS S\u00e3o Judas Tadeu; Rua Ernesto Pancini, 446;<br \/>\n&#8211; UBS S\u00e3o Sebasti\u00e3o; Rua Jorge Raimundo, 209;<br \/>\n&#8211; UBS Teixeiras; Rua Cust\u00f3dio Furtado de Souza, 131;<br \/>\n&#8211; UBS Vale Verde; Rua Marciano Pinto, 685;<br \/>\n&#8211; UBS Vila Esperan\u00e7a; Rua Nova, 30;<br \/>\n&#8211; UBS Vila Ideal; Avenida Francisco Valadares, 1910;<br \/>\n&#8211; UBS Vila Olavo Costa; Rua Jacinto Marcelino, 16.<\/p>\n","protected":false},"excerpt":{"rendered":"<p>A Secretaria de Sa\u00fade (SS) da Prefeitura de Juiz de Fora (PJF) disponibiliza a dose de refor\u00e7o aos idosos com 60 anos ou mais que j\u00e1 tenham tomado a segunda dose da vacina contra a Covid-19 h\u00e1 pelo menos seis meses. At\u00e9 a semana passada, podiam receber a vacina de refor\u00e7o os idosos acima de [&hellip;]<\/p>\n","protected":false},"author":246,"featured_media":189208,"comment_status":"closed","ping_status":"closed","sticky":false,"template":"","format":"standard","meta":{"footnotes":""},"categories":[253,436,440],"tags":[],"class_list":["post-189207","post","type-post","status-publish","format-standard","has-post-thumbnail","hentry","category-cidade","category-destaque-da-semana","category-destaques-do-dia"],"_links":{"self":[{"href":"https:\/\/diarioregionaldigital.com.br\/index.php?rest_route=\/wp\/v2\/posts\/189207","targetHints":{"allow":["GET"]}}],"collection":[{"href":"https:\/\/diarioregionaldigital.com.br\/index.php?rest_route=\/wp\/v2\/posts"}],"about":[{"href":"https:\/\/diarioregionaldigital.com.br\/index.php?rest_route=\/wp\/v2\/types\/post"}],"author":[{"embeddable":true,"href":"https:\/\/diarioregionaldigital.com.br\/index.php?rest_route=\/wp\/v2\/users\/246"}],"replies":[{"embeddable":true,"href":"https:\/\/diarioregionaldigital.com.br\/index.php?rest_route=%2Fwp%2Fv2%2Fcomments&post=189207"}],"version-history":[{"count":1,"href":"https:\/\/diarioregionaldigital.com.br\/index.php?rest_route=\/wp\/v2\/posts\/189207\/revisions"}],"predecessor-version":[{"id":189209,"href":"https:\/\/diarioregionaldigital.com.br\/index.php?rest_route=\/wp\/v2\/posts\/189207\/revisions\/189209"}],"wp:featuredmedia":[{"embeddable":true,"href":"https:\/\/diarioregionaldigital.com.br\/index.php?rest_route=\/wp\/v2\/media\/189208"}],"wp:attachment":[{"href":"https:\/\/diarioregionaldigital.com.br\/index.php?rest_route=%2Fwp%2Fv2%2Fmedia&parent=189207"}],"wp:term":[{"taxonomy":"category","embeddable":true,"href":"https:\/\/diarioregionaldigital.com.br\/index.php?rest_route=%2Fwp%2Fv2%2Fcategories&post=189207"},{"taxonomy":"post_tag","embeddable":true,"href":"https:\/\/diarioregionaldigital.com.br\/index.php?rest_route=%2Fwp%2Fv2%2Ftags&post=189207"}],"curies":[{"name":"wp","href":"https:\/\/api.w.org\/{rel}","templated":true}]}}