{"id":189187,"date":"2021-10-04T15:49:05","date_gmt":"2021-10-04T18:49:05","guid":{"rendered":"https:\/\/diarioregionaldigital.com.br\/?p=189187"},"modified":"2021-10-04T15:49:05","modified_gmt":"2021-10-04T18:49:05","slug":"ministro-da-saude-testa-negativo-para-covid-19","status":"publish","type":"post","link":"https:\/\/diarioregionaldigital.com.br\/?p=189187","title":{"rendered":"Ministro da Sa\u00fade testa negativo para covid-19"},"content":{"rendered":"<p>O Ministro da Sa\u00fade Marcelo Queiroga informou na tarde deste domingo (3) que seu mais recente exame RT-PCR deu negativo para a covid-19. O ministro cumpre quarentena em Nova York desde que o resultado para a\u00a0<a href=\"https:\/\/agenciabrasil.ebc.com.br\/geral\/noticia\/2021-09\/ministro-da-saude-testa-positivo-para-covid-19-em-nova-york\" target=\"_blank\" rel=\"noopener\">doen\u00e7a deu positivo<\/a>, em 21 de setembro.<img decoding=\"async\" src=\"https:\/\/agenciabrasil.ebc.com.br\/ebc.png?id=1423429&amp;o=node\" \/><img decoding=\"async\" src=\"https:\/\/agenciabrasil.ebc.com.br\/ebc.gif?id=1423429&amp;o=node\" \/><\/p>\n<p>Pelo Twitter, o ministro disse que em breve volta para o Brasil, mas n\u00e3o disse quando. \u201cAgrade\u00e7o a todos que enviaram boas vibra\u00e7\u00f5es\u201d.<\/p>\n<p>Queiroga foi para Nova York integrando a comitiva do presidente Jair Bolsonaro que participou da 76\u00aa Assembleia Geral das Na\u00e7\u00f5es Unidas (ONU).<\/p>\n<p><span style=\"font-weight: 400;\">Fonte: Ag\u00eancia Brasil <\/span><\/p>\n","protected":false},"excerpt":{"rendered":"<p>O Ministro da Sa\u00fade Marcelo Queiroga informou na tarde deste domingo (3) que seu mais recente exame RT-PCR deu negativo para a covid-19. O ministro cumpre quarentena em Nova York desde que o resultado para a\u00a0doen\u00e7a deu positivo, em 21 de setembro. Pelo Twitter, o ministro disse que em breve volta para o Brasil, mas [&hellip;]<\/p>\n","protected":false},"author":246,"featured_media":189188,"comment_status":"closed","ping_status":"closed","sticky":false,"template":"","format":"standard","meta":{"footnotes":""},"categories":[436,254],"tags":[],"class_list":["post-189187","post","type-post","status-publish","format-standard","has-post-thumbnail","hentry","category-destaque-da-semana","category-politica"],"_links":{"self":[{"href":"https:\/\/diarioregionaldigital.com.br\/index.php?rest_route=\/wp\/v2\/posts\/189187","targetHints":{"allow":["GET"]}}],"collection":[{"href":"https:\/\/diarioregionaldigital.com.br\/index.php?rest_route=\/wp\/v2\/posts"}],"about":[{"href":"https:\/\/diarioregionaldigital.com.br\/index.php?rest_route=\/wp\/v2\/types\/post"}],"author":[{"embeddable":true,"href":"https:\/\/diarioregionaldigital.com.br\/index.php?rest_route=\/wp\/v2\/users\/246"}],"replies":[{"embeddable":true,"href":"https:\/\/diarioregionaldigital.com.br\/index.php?rest_route=%2Fwp%2Fv2%2Fcomments&post=189187"}],"version-history":[{"count":1,"href":"https:\/\/diarioregionaldigital.com.br\/index.php?rest_route=\/wp\/v2\/posts\/189187\/revisions"}],"predecessor-version":[{"id":189189,"href":"https:\/\/diarioregionaldigital.com.br\/index.php?rest_route=\/wp\/v2\/posts\/189187\/revisions\/189189"}],"wp:featuredmedia":[{"embeddable":true,"href":"https:\/\/diarioregionaldigital.com.br\/index.php?rest_route=\/wp\/v2\/media\/189188"}],"wp:attachment":[{"href":"https:\/\/diarioregionaldigital.com.br\/index.php?rest_route=%2Fwp%2Fv2%2Fmedia&parent=189187"}],"wp:term":[{"taxonomy":"category","embeddable":true,"href":"https:\/\/diarioregionaldigital.com.br\/index.php?rest_route=%2Fwp%2Fv2%2Fcategories&post=189187"},{"taxonomy":"post_tag","embeddable":true,"href":"https:\/\/diarioregionaldigital.com.br\/index.php?rest_route=%2Fwp%2Fv2%2Ftags&post=189187"}],"curies":[{"name":"wp","href":"https:\/\/api.w.org\/{rel}","templated":true}]}}