{"id":189184,"date":"2021-10-04T15:46:51","date_gmt":"2021-10-04T18:46:51","guid":{"rendered":"https:\/\/diarioregionaldigital.com.br\/?p=189184"},"modified":"2021-10-04T15:46:51","modified_gmt":"2021-10-04T18:46:51","slug":"sp-13-cidades-realizaram-eleicoes-suplementares-neste-domingo","status":"publish","type":"post","link":"https:\/\/diarioregionaldigital.com.br\/?p=189184","title":{"rendered":"SP: 13 cidades realizaram elei\u00e7\u00f5es suplementares neste domingo"},"content":{"rendered":"<p>Neste domingo (3), 13 cidades do interior paulista realizaram novas elei\u00e7\u00f5es para prefeitura dos munic\u00edpios.\u00a0 A diploma\u00e7\u00e3o dos eleitos ser\u00e1 em 8 de novembro.<img decoding=\"async\" src=\"https:\/\/agenciabrasil.ebc.com.br\/ebc.png?id=1423430&amp;o=node\" \/><img decoding=\"async\" src=\"https:\/\/agenciabrasil.ebc.com.br\/ebc.gif?id=1423430&amp;o=node\" \/><\/p>\n<p>Eleitores de\u00a0Angatuba, Anhembi, Apia\u00ed, Cajati, Campina do Monte Alegre, Gua\u00edra, Itaoca, Mendon\u00e7a, Mineiros do Tiet\u00ea, Piacatu, Santo Ant\u00f4nio do Jardim, S\u00e3o Louren\u00e7o da Serra e Trabiju foram \u00e0s urnas escolher o novo chefe do executivo. A elei\u00e7\u00e3o suplementar em Leme, prevista para a mesma data, foi suspensa por decis\u00e3o do Supremo Tribunal Federal.<\/p>\n<p>Nos munic\u00edpios que conclu\u00edram a revis\u00e3o biom\u00e9trica obrigat\u00f3ria em 2019, quem n\u00e3o compareceu ao procedimento teve seu t\u00edtulo cancelado. Devido \u00e0 pandemia, a Justi\u00e7a Eleitoral suspendeu, apenas para permitir o voto nas elei\u00e7\u00f5es de 2020, o cancelamento do documento. Mas agora, nesse novo pleito, o t\u00edtulo de quem n\u00e3o fez o cadastro biom\u00e9trico est\u00e1 novamente cancelado e n\u00e3o ser\u00e1 poss\u00edvel votar.<\/p>\n<p>As elei\u00e7\u00f5es suplementares ocorrem nos casos em que a junta apuradora verifica que os votos das se\u00e7\u00f5es anuladas e daquelas cujos eleitores foram impedidos de votar poder\u00e3o alterar a representa\u00e7\u00e3o de qualquer partido ou classifica\u00e7\u00e3o de candidato eleito pelo princ\u00edpio majorit\u00e1rio. Elas est\u00e3o previstas nos artigos\u00a0187, 201 e 212 do\u00a0<a href=\"https:\/\/www.tse.jus.br\/legislacao\/codigo-eleitoral\/codigo-eleitoral-1\/codigo-eleitoral-lei-nb0-4.737-de-15-de-julho-de-1965\" target=\"_blank\" rel=\"noopener\">C\u00f3digo Eleitoral<\/a>\u00a0e s\u00e3o caracterizadas pela renova\u00e7\u00e3o das elei\u00e7\u00f5es apenas em algumas se\u00e7\u00f5es eleitorais.<\/p>\n<p><strong>Protocolo sanit\u00e1rio<\/strong><\/p>\n<p>O hor\u00e1rio de vota\u00e7\u00e3o foi ampliado: come\u00e7ou \u00e0s 7h e terminou \u00e0s 17h, disponibilizando o hor\u00e1rio entre 7h e 10h preferencialmente para eleitores com 60 anos ou mais. Como protocolo sanit\u00e1rio, foi observado o distanciamento social e o uso de m\u00e1scara durante o tempo de perman\u00eancia no local de vota\u00e7\u00e3o. Tamb\u00e9m pela seguran\u00e7a sanit\u00e1ria de todos, a identifica\u00e7\u00e3o biom\u00e9trica foi dispensada.<\/p>\n<p>De acordo com a assessora de imprensa do Tribunal Regional Eleitoral de S\u00e3o Paulo, as elei\u00e7\u00f5es\u00a0ocorreram\u00a0dentro da normalidade. Os resultados ainda n\u00e3o foram divulgados.<\/p>\n<p><span style=\"font-weight: 400;\">Fonte: Ag\u00eancia Brasil <\/span><\/p>\n","protected":false},"excerpt":{"rendered":"<p>Neste domingo (3), 13 cidades do interior paulista realizaram novas elei\u00e7\u00f5es para prefeitura dos munic\u00edpios.\u00a0 A diploma\u00e7\u00e3o dos eleitos ser\u00e1 em 8 de novembro. Eleitores de\u00a0Angatuba, Anhembi, Apia\u00ed, Cajati, Campina do Monte Alegre, Gua\u00edra, Itaoca, Mendon\u00e7a, Mineiros do Tiet\u00ea, Piacatu, Santo Ant\u00f4nio do Jardim, S\u00e3o Louren\u00e7o da Serra e Trabiju foram \u00e0s urnas escolher o [&hellip;]<\/p>\n","protected":false},"author":246,"featured_media":189185,"comment_status":"closed","ping_status":"closed","sticky":false,"template":"","format":"standard","meta":{"footnotes":""},"categories":[436,254],"tags":[],"class_list":["post-189184","post","type-post","status-publish","format-standard","has-post-thumbnail","hentry","category-destaque-da-semana","category-politica"],"_links":{"self":[{"href":"https:\/\/diarioregionaldigital.com.br\/index.php?rest_route=\/wp\/v2\/posts\/189184","targetHints":{"allow":["GET"]}}],"collection":[{"href":"https:\/\/diarioregionaldigital.com.br\/index.php?rest_route=\/wp\/v2\/posts"}],"about":[{"href":"https:\/\/diarioregionaldigital.com.br\/index.php?rest_route=\/wp\/v2\/types\/post"}],"author":[{"embeddable":true,"href":"https:\/\/diarioregionaldigital.com.br\/index.php?rest_route=\/wp\/v2\/users\/246"}],"replies":[{"embeddable":true,"href":"https:\/\/diarioregionaldigital.com.br\/index.php?rest_route=%2Fwp%2Fv2%2Fcomments&post=189184"}],"version-history":[{"count":1,"href":"https:\/\/diarioregionaldigital.com.br\/index.php?rest_route=\/wp\/v2\/posts\/189184\/revisions"}],"predecessor-version":[{"id":189186,"href":"https:\/\/diarioregionaldigital.com.br\/index.php?rest_route=\/wp\/v2\/posts\/189184\/revisions\/189186"}],"wp:featuredmedia":[{"embeddable":true,"href":"https:\/\/diarioregionaldigital.com.br\/index.php?rest_route=\/wp\/v2\/media\/189185"}],"wp:attachment":[{"href":"https:\/\/diarioregionaldigital.com.br\/index.php?rest_route=%2Fwp%2Fv2%2Fmedia&parent=189184"}],"wp:term":[{"taxonomy":"category","embeddable":true,"href":"https:\/\/diarioregionaldigital.com.br\/index.php?rest_route=%2Fwp%2Fv2%2Fcategories&post=189184"},{"taxonomy":"post_tag","embeddable":true,"href":"https:\/\/diarioregionaldigital.com.br\/index.php?rest_route=%2Fwp%2Fv2%2Ftags&post=189184"}],"curies":[{"name":"wp","href":"https:\/\/api.w.org\/{rel}","templated":true}]}}