{"id":189175,"date":"2021-10-04T15:26:32","date_gmt":"2021-10-04T18:26:32","guid":{"rendered":"https:\/\/diarioregionaldigital.com.br\/?p=189175"},"modified":"2021-10-04T15:26:32","modified_gmt":"2021-10-04T18:26:32","slug":"bc-aumenta-combate-a-contas-laranjas-para-reforcar-seguranca-do-pix","status":"publish","type":"post","link":"https:\/\/diarioregionaldigital.com.br\/?p=189175","title":{"rendered":"BC aumenta combate a contas laranjas para refor\u00e7ar seguran\u00e7a do Pix"},"content":{"rendered":"<p>O presidente do Banco Central (BC), Roberto Campos Neto, disse hoje (4) que est\u00e1 havendo um esfor\u00e7o para combater contas laranjas \u2013 contas banc\u00e1rias abertas por criminosos em\u00a0nome de outras pessoas. A\u00a0medida\u00a0busca\u00a0aumentar a seguran\u00e7a do sistema de pagamento instant\u00e2neo, o Pix. \u201cA gente est\u00e1 for\u00e7ando, incentivando, a identifica\u00e7\u00e3o desse tipo de contas e o cancelamento mais rapidamente\u201d, disse durante palestra\u00a0na Associa\u00e7\u00e3o Comercial de S\u00e3o Paulo.\u00a0<img decoding=\"async\" src=\"https:\/\/agenciabrasil.ebc.com.br\/ebc.png?id=1423490&amp;o=node\" \/><img decoding=\"async\" src=\"https:\/\/agenciabrasil.ebc.com.br\/ebc.gif?id=1423490&amp;o=node\" \/><\/p>\n<p>Campos explicou que no caso de fraude ou at\u00e9 sequestro, os criminosos precisam de uma conta banc\u00e1ria sem os pr\u00f3prios dados pessoais para movimentar recursos. Da\u00ed a import\u00e2ncia em identificar e fechar essas contas. \u201cA gente precisa atacar esse movimento de conta laranja. Precisa que os bancos se sintam muito respons\u00e1veis quando alguma conta laranja no sistema deles \u00e9 usada para algum ato il\u00edcito\u201d, acrescentou.<\/p>\n<p>Sem essa possibilidade de receber o dinheiro, Campos acredita que os criminosos devem desistir de praticar esse tipo de ilegalidade\u00a0pelo Pix. \u201cNo final das contas, se eu n\u00e3o tenho como pegar o dinheiro em esp\u00e9cie em nenhum momento eu tenho uma diminui\u00e7\u00e3o da criminalidade relacionado a isso\u201d, destacou.<\/p>\n<p><strong>Restri\u00e7\u00e3o noturna<\/strong><\/p>\n<p>Outra\u00a0<a href=\"https:\/\/agenciabrasil.ebc.com.br\/economia\/noticia\/2021-10\/operacoes-do-pix-noite-terao-limite-de-r-1-mil-partir-de-hoje\" target=\"_blank\" rel=\"noopener\">medida que entrou em vigor hoje<\/a>\u00a0(4), limita em R$ 1 mil as transfer\u00eancias e pagamentos de pessoas f\u00edsicas entre as 20h e as 6h.\u00a0As contas de pessoas jur\u00eddicas n\u00e3o foram afetadas pela\u00a0nova\u00a0regra.<\/p>\n<p>A restri\u00e7\u00e3o vale tanto para transa\u00e7\u00f5es via Pix, sistema de pagamento instant\u00e2neo, quanto para outros meios de pagamento, como transfer\u00eancias intrabanc\u00e1rias, via Transfer\u00eancia Eletr\u00f4nica Dispon\u00edvel (TED) e Documento de Ordem de Cr\u00e9dito (DOC), pagamentos de boletos e compras com cart\u00f5es de d\u00e9bitos.<\/p>\n<p>O cliente poder\u00e1 alterar os limites das transa\u00e7\u00f5es por meio dos canais de atendimento eletr\u00f4nico das institui\u00e7\u00f5es financeiras. No entanto, os aumentos ser\u00e3o efetivados de 24 horas a 48 horas ap\u00f3s o pedido.<\/p>\n<p><strong>Seguran\u00e7a do Pix<\/strong><\/p>\n<p>Campos defendeu a seguran\u00e7a do sistema instant\u00e2neo de pagamento, apesar do surgimento de novas modalidades de fraudes. \u201c A criminalidade \u00e9 um tema de seguran\u00e7a p\u00fablica. A gente nunca vai reduzir a criminalidade a zero. Qualquer instrumento de pagamento que voc\u00ea tiver, quando a criminalidade for alta, vai ser em parte responsabilizado pela criminalidade, quando ele s\u00f3 \u00e9 o ve\u00edculo\u201d, destacou.<\/p>\n<p>Para o presidente do BC, a flexibilidade do sistema\u00a0facilita o combate \u00e0s fraudes e outros crimes. \u201cA gente entende que o PIX \u00e9 mais male\u00e1vel porque a gente consegue mudar e adaptar coisas mais rapidamente\u201d, enfatizou.<\/p>\n<p><span style=\"font-weight: 400;\">Fonte: Ag\u00eancia Brasil <\/span><\/p>\n","protected":false},"excerpt":{"rendered":"<p>O presidente do Banco Central (BC), Roberto Campos Neto, disse hoje (4) que est\u00e1 havendo um esfor\u00e7o para combater contas laranjas \u2013 contas banc\u00e1rias abertas por criminosos em\u00a0nome de outras pessoas. A\u00a0medida\u00a0busca\u00a0aumentar a seguran\u00e7a do sistema de pagamento instant\u00e2neo, o Pix. \u201cA gente est\u00e1 for\u00e7ando, incentivando, a identifica\u00e7\u00e3o desse tipo de contas e o cancelamento [&hellip;]<\/p>\n","protected":false},"author":246,"featured_media":189176,"comment_status":"closed","ping_status":"closed","sticky":false,"template":"","format":"standard","meta":{"footnotes":""},"categories":[436,261],"tags":[],"class_list":["post-189175","post","type-post","status-publish","format-standard","has-post-thumbnail","hentry","category-destaque-da-semana","category-economia"],"_links":{"self":[{"href":"https:\/\/diarioregionaldigital.com.br\/index.php?rest_route=\/wp\/v2\/posts\/189175","targetHints":{"allow":["GET"]}}],"collection":[{"href":"https:\/\/diarioregionaldigital.com.br\/index.php?rest_route=\/wp\/v2\/posts"}],"about":[{"href":"https:\/\/diarioregionaldigital.com.br\/index.php?rest_route=\/wp\/v2\/types\/post"}],"author":[{"embeddable":true,"href":"https:\/\/diarioregionaldigital.com.br\/index.php?rest_route=\/wp\/v2\/users\/246"}],"replies":[{"embeddable":true,"href":"https:\/\/diarioregionaldigital.com.br\/index.php?rest_route=%2Fwp%2Fv2%2Fcomments&post=189175"}],"version-history":[{"count":1,"href":"https:\/\/diarioregionaldigital.com.br\/index.php?rest_route=\/wp\/v2\/posts\/189175\/revisions"}],"predecessor-version":[{"id":189177,"href":"https:\/\/diarioregionaldigital.com.br\/index.php?rest_route=\/wp\/v2\/posts\/189175\/revisions\/189177"}],"wp:featuredmedia":[{"embeddable":true,"href":"https:\/\/diarioregionaldigital.com.br\/index.php?rest_route=\/wp\/v2\/media\/189176"}],"wp:attachment":[{"href":"https:\/\/diarioregionaldigital.com.br\/index.php?rest_route=%2Fwp%2Fv2%2Fmedia&parent=189175"}],"wp:term":[{"taxonomy":"category","embeddable":true,"href":"https:\/\/diarioregionaldigital.com.br\/index.php?rest_route=%2Fwp%2Fv2%2Fcategories&post=189175"},{"taxonomy":"post_tag","embeddable":true,"href":"https:\/\/diarioregionaldigital.com.br\/index.php?rest_route=%2Fwp%2Fv2%2Ftags&post=189175"}],"curies":[{"name":"wp","href":"https:\/\/api.w.org\/{rel}","templated":true}]}}