{"id":189171,"date":"2021-10-04T15:21:33","date_gmt":"2021-10-04T18:21:33","guid":{"rendered":"https:\/\/diarioregionaldigital.com.br\/?p=189171"},"modified":"2021-10-04T15:21:33","modified_gmt":"2021-10-04T18:21:33","slug":"faturamento-da-industria-de-transformacao-recua-34-em-agosto","status":"publish","type":"post","link":"https:\/\/diarioregionaldigital.com.br\/?p=189171","title":{"rendered":"Faturamento da ind\u00fastria de transforma\u00e7\u00e3o recua 3,4% em agosto"},"content":{"rendered":"<p>O faturamento real da ind\u00fastria de transforma\u00e7\u00e3o apresentou queda de 3,4% no m\u00eas de agosto em rela\u00e7\u00e3o a julho, informou hoje (4) a Confedera\u00e7\u00e3o Nacional da Ind\u00fastria (CNI). No per\u00edodo de janeiro a agosto deste ano o \u00edndice acumulou queda de 6,4%. Em rela\u00e7\u00e3o a agosto de 2020, a queda foi de 0,2%. Os n\u00fameros se referem \u00e0 s\u00e9rie dessazonalizada, que exclui os efeitos das varia\u00e7\u00f5es sazonais do conjunto de dados.<img decoding=\"async\" src=\"https:\/\/agenciabrasil.ebc.com.br\/ebc.png?id=1423483&amp;o=node\" \/><img decoding=\"async\" src=\"https:\/\/agenciabrasil.ebc.com.br\/ebc.gif?id=1423483&amp;o=node\" \/><\/p>\n<p>Os dados constam da publica\u00e7\u00e3o\u00a0<em>Indicadores Industriais<\/em>, produzida pela CNI. Al\u00e9m do faturamento na ind\u00fastria de transforma\u00e7\u00e3o, o \u00edndice de horas trabalhadas na produ\u00e7\u00e3o tamb\u00e9m apresentou queda de 0,3% em agosto na compara\u00e7\u00e3o com julho. De acordo com a CNI, desde fevereiro de 2021, o indicador tem apresentado quedas consecutivas na s\u00e9rie de varia\u00e7\u00e3o mensal, com exce\u00e7\u00e3o do m\u00eas de julho, em que houve estabilidade. Os valores se referem \u00e0s s\u00e9ries dessazonalizadas.<\/p>\n<p>Com o resultado de agosto, o \u00edndice volta a um patamar ligeiramente abaixo do observado em fevereiro de 2020 (-0,8 ponto percentual), antes da crise causada pela pandemia de covid-19. Em 2021, a retra\u00e7\u00e3o acumulada \u00e9 de 4,7%\u201d, informou a confedera\u00e7\u00e3o.<\/p>\n<p>Os n\u00fameros mostram tamb\u00e9m que o indicador de rendimento m\u00e9dio real vem consolidando uma tend\u00eancia de queda, apesar do crescimento de 0,5% em agosto em rela\u00e7\u00e3o ao m\u00eas anterior, na s\u00e9rie livre de efeitos sazonais. Com isso, a varia\u00e7\u00e3o acumulada no ano de 2021 \u00e9 de -2,0%. A CNI disse que alta da infla\u00e7\u00e3o contribui para a redu\u00e7\u00e3o do rendimento m\u00e9dio real dos trabalhadores.<\/p>\n<p>A CNI informou que o emprego da ind\u00fastria de transforma\u00e7\u00e3o apresentou, em agosto, crescimento de 0,1% em rela\u00e7\u00e3o ao m\u00eas anterior. Com isso, a varia\u00e7\u00e3o acumulada do emprego industrial em 2021 ficou em 3,8%.<\/p>\n<p>Ainda de acordo com a CNI, os indicadores apontam que a utiliza\u00e7\u00e3o da capacidade instalada da ind\u00fastria segue elevada no pa\u00eds, apesar da queda de 0,1% em rela\u00e7\u00e3o a julho ficando em 82,3%, na s\u00e9rie livre de efeitos sazonais. Desde mar\u00e7o de 2021, o indicador se encontra acima de 80%, em um patamar superior \u00e0 m\u00e9dia hist\u00f3rica.<\/p>\n<p>Al\u00e9m disso, em agosto, o indicador de massa salarial tamb\u00e9m apresentou crescimento, ficando superior em 0,8% em relac\u0327a\u0303o a julho, na se\u0301rie dessazonalizada. O indicador acumula crescimento de 0,7% em 2021.<\/p>\n<p>\u201cA massa salarial real se encontra 2,6% abaixo do ni\u0301vel observado em fevereiro de 2020, antes da pandemia. Apesar da forte recuperac\u0327a\u0303o das horas trabalhadas no segundo semestre de 2020, em nenhum momento a massa salarial real voltou ao ni\u0301vel de antes da pandemia\u201d, disse a CNI.<\/p>\n<p><span style=\"font-weight: 400;\">Fonte: Ag\u00eancia Brasil <\/span><\/p>\n","protected":false},"excerpt":{"rendered":"<p>O faturamento real da ind\u00fastria de transforma\u00e7\u00e3o apresentou queda de 3,4% no m\u00eas de agosto em rela\u00e7\u00e3o a julho, informou hoje (4) a Confedera\u00e7\u00e3o Nacional da Ind\u00fastria (CNI). No per\u00edodo de janeiro a agosto deste ano o \u00edndice acumulou queda de 6,4%. Em rela\u00e7\u00e3o a agosto de 2020, a queda foi de 0,2%. Os n\u00fameros [&hellip;]<\/p>\n","protected":false},"author":246,"featured_media":189172,"comment_status":"closed","ping_status":"closed","sticky":false,"template":"","format":"standard","meta":{"footnotes":""},"categories":[436,261],"tags":[],"class_list":["post-189171","post","type-post","status-publish","format-standard","has-post-thumbnail","hentry","category-destaque-da-semana","category-economia"],"_links":{"self":[{"href":"https:\/\/diarioregionaldigital.com.br\/index.php?rest_route=\/wp\/v2\/posts\/189171","targetHints":{"allow":["GET"]}}],"collection":[{"href":"https:\/\/diarioregionaldigital.com.br\/index.php?rest_route=\/wp\/v2\/posts"}],"about":[{"href":"https:\/\/diarioregionaldigital.com.br\/index.php?rest_route=\/wp\/v2\/types\/post"}],"author":[{"embeddable":true,"href":"https:\/\/diarioregionaldigital.com.br\/index.php?rest_route=\/wp\/v2\/users\/246"}],"replies":[{"embeddable":true,"href":"https:\/\/diarioregionaldigital.com.br\/index.php?rest_route=%2Fwp%2Fv2%2Fcomments&post=189171"}],"version-history":[{"count":2,"href":"https:\/\/diarioregionaldigital.com.br\/index.php?rest_route=\/wp\/v2\/posts\/189171\/revisions"}],"predecessor-version":[{"id":189174,"href":"https:\/\/diarioregionaldigital.com.br\/index.php?rest_route=\/wp\/v2\/posts\/189171\/revisions\/189174"}],"wp:featuredmedia":[{"embeddable":true,"href":"https:\/\/diarioregionaldigital.com.br\/index.php?rest_route=\/wp\/v2\/media\/189172"}],"wp:attachment":[{"href":"https:\/\/diarioregionaldigital.com.br\/index.php?rest_route=%2Fwp%2Fv2%2Fmedia&parent=189171"}],"wp:term":[{"taxonomy":"category","embeddable":true,"href":"https:\/\/diarioregionaldigital.com.br\/index.php?rest_route=%2Fwp%2Fv2%2Fcategories&post=189171"},{"taxonomy":"post_tag","embeddable":true,"href":"https:\/\/diarioregionaldigital.com.br\/index.php?rest_route=%2Fwp%2Fv2%2Ftags&post=189171"}],"curies":[{"name":"wp","href":"https:\/\/api.w.org\/{rel}","templated":true}]}}