{"id":189167,"date":"2021-10-04T15:19:35","date_gmt":"2021-10-04T18:19:35","guid":{"rendered":"https:\/\/diarioregionaldigital.com.br\/?p=189167"},"modified":"2021-10-04T15:19:35","modified_gmt":"2021-10-04T18:19:35","slug":"inflacao-atingiu-pico-em-setembro-diz-presidente-do-banco-central","status":"publish","type":"post","link":"https:\/\/diarioregionaldigital.com.br\/?p=189167","title":{"rendered":"Infla\u00e7\u00e3o atingiu pico em setembro, diz presidente do Banco Central"},"content":{"rendered":"<p>A alta da infla\u00e7\u00e3o deve ter chegado ao seu maior n\u00edvel em setembro, na avalia\u00e7\u00e3o do presidente do Banco Central (BC), Roberto Campos Neto. \u201cN\u00f3s entendemos que, em termos de infla\u00e7\u00e3o de 12 meses, setembro deve ser o pico. A gente ainda tem uma infla\u00e7\u00e3o alta em setembro\u201d, disse em palestra na Associa\u00e7\u00e3o Comercial de S\u00e3o Paulo.\u00a0<img decoding=\"async\" src=\"https:\/\/agenciabrasil.ebc.com.br\/ebc.png?id=1423487&amp;o=node\" \/><img decoding=\"async\" src=\"https:\/\/agenciabrasil.ebc.com.br\/ebc.gif?id=1423487&amp;o=node\" \/><\/p>\n<p>O \u00cdndice Nacional de Pre\u00e7os ao Consumidor Amplo 15 (IPCA-15), que mede a pr\u00e9via da infla\u00e7\u00e3o oficial no pa\u00eds, chegou a 1,14% em setembro. A taxa \u00e9 superior ao resultado de 0,89% de agosto e a 0,45% de setembro do ano passado. Com o resultado, a pr\u00e9via da infla\u00e7\u00e3o oficial acumula taxas de 7,02% no ano e de 10,05% em 12 meses.<\/p>\n<p>Campos atribuiu a alta da infla\u00e7\u00e3o a \u201cdois choques\u201d ocorridos em 2020 e 2021. Segundo o presidente do BC, no ano passado o Brasil sofreu com um forte aumento dos pre\u00e7os dos alimentos associado a uma grande perda de valor do real em rela\u00e7\u00e3o ao d\u00f3lar.<\/p>\n<p>Neste ano, a infla\u00e7\u00e3o est\u00e1 sendo puxada, de acordo com a an\u00e1lise de Campos, pelo aumento dos pre\u00e7os da energia. A gasolina, segundo o presidente do BC, continua subindo, apesar da quase estabilidade do pre\u00e7o do combust\u00edvel a n\u00edvel internacional, pela alta do etanol, que faz parte da composi\u00e7\u00e3o vendida no Brasil, e o aumento dos valores dos fretes. \u201cO etanol subiu mais de 40% no ano e o frete subiu tamb\u00e9m\u201d, destacou.<\/p>\n<p><strong>Cen\u00e1rio internacional<\/strong><\/p>\n<p>A infla\u00e7\u00e3o da energia \u00e9, de acordo com Campos, um fen\u00f4meno internacional que, nos pa\u00edses mais desenvolvidos economicamente, acontece por raz\u00f5es diferentes. \u201cPor um lado, eu tenho mais demanda de bens, que geram mais demanda de energia. Por outro lado, eu tenho, de uma forma geral, os pa\u00edses querendo produzir menos energia, ou energia mais limpa interrompendo a produ\u00e7\u00e3o de algumas fontes que n\u00e3o s\u00e3o t\u00e3o limpas. A conjun\u00e7\u00e3o desses fatores est\u00e1 gerando uma infla\u00e7\u00e3o grande em alguns pa\u00edses e alguns problemas energ\u00e9ticos\u201d, explicou.<\/p>\n<p>Desse modo, segundo o presidente do BC, o aumento generalizado de pre\u00e7os tem causado preocupa\u00e7\u00e3o em diversas partes do mundo. \u201cA infla\u00e7\u00e3o tem dado um susto bastante relevante em quase todos os pa\u00edses. Tanto a infla\u00e7\u00e3o ao produtor, quanto a infla\u00e7\u00e3o ao consumidor\u201d, acrescentou.<\/p>\n<p>No Brasil, h\u00e1 ainda o reajuste de pre\u00e7os que est\u00e1 sendo feito pelo setor de servi\u00e7os, que est\u00e1 ajustando os valores cobrados dos consumidores aos novos custos envolvidos com a infla\u00e7\u00e3o de outros setores. \u201cTinha um repasse represado que come\u00e7a a aparecer\u201d, enfatizou.<\/p>\n<p><strong>Juros<\/strong><\/p>\n<p>Para conter essas press\u00f5es, Campos disse que o Banco Central tem agido rapidamente e reajustado os juros para conter a alta inflacion\u00e1ria. \u201cA gente entende que tem um elemento de persist\u00eancia maior [da infla\u00e7\u00e3o], por isso n\u00f3s temos sido mais incisivos nos juros\u201d, disse.<\/p>\n<p><a href=\"https:\/\/agenciabrasil.ebc.com.br\/economia\/noticia\/2021-09\/copom-eleva-juros-basicos-da-economia-para-625-ao-ano\" target=\"_blank\" rel=\"noopener\">No dia 22 de setembro, o Comit\u00ea de Pol\u00edtica Monet\u00e1ria (Copom) elevou a taxa Selic<\/a>\u00a0&#8211; juros b\u00e1sicos da economia &#8211; de 5,25% para 6,25% ao ano.\u00a0 A taxa est\u00e1 no n\u00edvel mais alto desde julho de 2019, quando estava em 6,5% ao ano. Esse foi o quinto reajuste consecutivo na taxa Selic.<\/p>\n<p><span style=\"font-weight: 400;\">Fonte: Ag\u00eancia Brasil <\/span><\/p>\n","protected":false},"excerpt":{"rendered":"<p>A alta da infla\u00e7\u00e3o deve ter chegado ao seu maior n\u00edvel em setembro, na avalia\u00e7\u00e3o do presidente do Banco Central (BC), Roberto Campos Neto. \u201cN\u00f3s entendemos que, em termos de infla\u00e7\u00e3o de 12 meses, setembro deve ser o pico. A gente ainda tem uma infla\u00e7\u00e3o alta em setembro\u201d, disse em palestra na Associa\u00e7\u00e3o Comercial de [&hellip;]<\/p>\n","protected":false},"author":246,"featured_media":189168,"comment_status":"closed","ping_status":"closed","sticky":false,"template":"","format":"standard","meta":{"footnotes":""},"categories":[436,440,261],"tags":[],"class_list":["post-189167","post","type-post","status-publish","format-standard","has-post-thumbnail","hentry","category-destaque-da-semana","category-destaques-do-dia","category-economia"],"_links":{"self":[{"href":"https:\/\/diarioregionaldigital.com.br\/index.php?rest_route=\/wp\/v2\/posts\/189167","targetHints":{"allow":["GET"]}}],"collection":[{"href":"https:\/\/diarioregionaldigital.com.br\/index.php?rest_route=\/wp\/v2\/posts"}],"about":[{"href":"https:\/\/diarioregionaldigital.com.br\/index.php?rest_route=\/wp\/v2\/types\/post"}],"author":[{"embeddable":true,"href":"https:\/\/diarioregionaldigital.com.br\/index.php?rest_route=\/wp\/v2\/users\/246"}],"replies":[{"embeddable":true,"href":"https:\/\/diarioregionaldigital.com.br\/index.php?rest_route=%2Fwp%2Fv2%2Fcomments&post=189167"}],"version-history":[{"count":2,"href":"https:\/\/diarioregionaldigital.com.br\/index.php?rest_route=\/wp\/v2\/posts\/189167\/revisions"}],"predecessor-version":[{"id":189170,"href":"https:\/\/diarioregionaldigital.com.br\/index.php?rest_route=\/wp\/v2\/posts\/189167\/revisions\/189170"}],"wp:featuredmedia":[{"embeddable":true,"href":"https:\/\/diarioregionaldigital.com.br\/index.php?rest_route=\/wp\/v2\/media\/189168"}],"wp:attachment":[{"href":"https:\/\/diarioregionaldigital.com.br\/index.php?rest_route=%2Fwp%2Fv2%2Fmedia&parent=189167"}],"wp:term":[{"taxonomy":"category","embeddable":true,"href":"https:\/\/diarioregionaldigital.com.br\/index.php?rest_route=%2Fwp%2Fv2%2Fcategories&post=189167"},{"taxonomy":"post_tag","embeddable":true,"href":"https:\/\/diarioregionaldigital.com.br\/index.php?rest_route=%2Fwp%2Fv2%2Ftags&post=189167"}],"curies":[{"name":"wp","href":"https:\/\/api.w.org\/{rel}","templated":true}]}}