{"id":189152,"date":"2021-10-03T06:00:54","date_gmt":"2021-10-03T09:00:54","guid":{"rendered":"https:\/\/diarioregionaldigital.com.br\/?p=189152"},"modified":"2021-10-02T02:03:40","modified_gmt":"2021-10-02T05:03:40","slug":"convocacao-de-assembleia-marechal-floriano-03-10-2021","status":"publish","type":"post","link":"https:\/\/diarioregionaldigital.com.br\/?p=189152","title":{"rendered":"Convoca\u00e7\u00e3o de Assembleia &#8211; Marechal Floriano &#8211; 03\/10\/2021"},"content":{"rendered":"<p><strong>CONDOM\u00cdNIO DO EDIF\u00cdCIO MARECHAL FLORIANO &#8211; <\/strong>CNPJ: 26.127.936\/0001-71 &#8211; <strong>CONVOCA\u00c7\u00c3O PARA ASSEMBLEIA ORDIN\u00c1RIA &#8211; <\/strong>Ficam os senhores cond\u00f4minos convocados para a Assembleia Geral Ordin\u00e1ria a realizar-se no dia <strong>14 de outubro de 2021, quinta-feira<\/strong>, nas depend\u00eancias do pr\u00e9dio, situado na Rua Floriano Peixoto, 367, Centro, Juiz de Fora\/MG, com primeira convoca\u00e7\u00e3o para as 18h30 (presen\u00e7a da maioria) e segunda para as 19h (presen\u00e7a de pelo menos \u00bc), tendo como pauta: <strong>Presta\u00e7\u00e3o de contas; Elei\u00e7\u00e3o do s\u00edndico; Elei\u00e7\u00e3o do conselho consultivo; Assuntos gerais. <\/strong>Ser\u00e1 obrigat\u00f3rio o uso de m\u00e1scara. O cond\u00f4mino que estiver em atrasado com as taxas condominiais n\u00e3o poder\u00e1 participar de discuss\u00f5es da assembleia e nem mesmo votar ou ser votado. Nas decis\u00f5es da assembleia que n\u00e3o envolvam despesas extraordin\u00e1rias do condom\u00ednio, o locat\u00e1rio poder\u00e1 votar, caso o cond\u00f4mino-locador a ela n\u00e3o compare\u00e7a. O cond\u00f4mino ausente poder\u00e1 nomear representante atrav\u00e9s de procura\u00e7\u00e3o espec\u00edfica. As delibera\u00e7\u00f5es da assembleia obrigam a todos, inclusive aos ausentes. Juiz de Fora, 01 de outubro de 2021. Jos\u00e9 Carlos Furtado de Oliveira (S\u00edndico).<\/p>\n","protected":false},"excerpt":{"rendered":"<p>CONDOM\u00cdNIO DO EDIF\u00cdCIO MARECHAL FLORIANO &#8211; CNPJ: 26.127.936\/0001-71 &#8211; CONVOCA\u00c7\u00c3O PARA ASSEMBLEIA ORDIN\u00c1RIA &#8211; Ficam os senhores cond\u00f4minos convocados para a Assembleia Geral Ordin\u00e1ria a realizar-se no dia 14 de outubro de 2021, quinta-feira, nas depend\u00eancias do pr\u00e9dio, situado na Rua Floriano Peixoto, 367, Centro, Juiz de Fora\/MG, com primeira convoca\u00e7\u00e3o para as 18h30 (presen\u00e7a [&hellip;]<\/p>\n","protected":false},"author":96,"featured_media":0,"comment_status":"closed","ping_status":"closed","sticky":false,"template":"","format":"standard","meta":{"footnotes":""},"categories":[307],"tags":[],"class_list":["post-189152","post","type-post","status-publish","format-standard","hentry","category-editais"],"_links":{"self":[{"href":"https:\/\/diarioregionaldigital.com.br\/index.php?rest_route=\/wp\/v2\/posts\/189152","targetHints":{"allow":["GET"]}}],"collection":[{"href":"https:\/\/diarioregionaldigital.com.br\/index.php?rest_route=\/wp\/v2\/posts"}],"about":[{"href":"https:\/\/diarioregionaldigital.com.br\/index.php?rest_route=\/wp\/v2\/types\/post"}],"author":[{"embeddable":true,"href":"https:\/\/diarioregionaldigital.com.br\/index.php?rest_route=\/wp\/v2\/users\/96"}],"replies":[{"embeddable":true,"href":"https:\/\/diarioregionaldigital.com.br\/index.php?rest_route=%2Fwp%2Fv2%2Fcomments&post=189152"}],"version-history":[{"count":2,"href":"https:\/\/diarioregionaldigital.com.br\/index.php?rest_route=\/wp\/v2\/posts\/189152\/revisions"}],"predecessor-version":[{"id":189154,"href":"https:\/\/diarioregionaldigital.com.br\/index.php?rest_route=\/wp\/v2\/posts\/189152\/revisions\/189154"}],"wp:attachment":[{"href":"https:\/\/diarioregionaldigital.com.br\/index.php?rest_route=%2Fwp%2Fv2%2Fmedia&parent=189152"}],"wp:term":[{"taxonomy":"category","embeddable":true,"href":"https:\/\/diarioregionaldigital.com.br\/index.php?rest_route=%2Fwp%2Fv2%2Fcategories&post=189152"},{"taxonomy":"post_tag","embeddable":true,"href":"https:\/\/diarioregionaldigital.com.br\/index.php?rest_route=%2Fwp%2Fv2%2Ftags&post=189152"}],"curies":[{"name":"wp","href":"https:\/\/api.w.org\/{rel}","templated":true}]}}