{"id":189143,"date":"2021-10-01T19:43:32","date_gmt":"2021-10-01T22:43:32","guid":{"rendered":"https:\/\/diarioregionaldigital.com.br\/?p=189143"},"modified":"2021-10-01T19:43:32","modified_gmt":"2021-10-01T22:43:32","slug":"se-faz-balanco-sobre-a-primeira-semana-de-retorno-das-aulas-presenciais","status":"publish","type":"post","link":"https:\/\/diarioregionaldigital.com.br\/?p=189143","title":{"rendered":"SE faz balan\u00e7o sobre a primeira semana de retorno das aulas presenciais"},"content":{"rendered":"<p>Desde o in\u00edcio da semana, as crian\u00e7as matriculadas em creches e escolas de Juiz de Fora retornaram \u00e0s suas atividades de ensino presenciais. S\u00f3 na rede municipal, 46 creches parceiras da Prefeitura e 79 escolas, que atendem a educa\u00e7\u00e3o infantil, j\u00e1 receberam seus alunos com a aprova\u00e7\u00e3o dos respons\u00e1veis.<\/p>\n<p>Segundo informa\u00e7\u00f5es do site da Prefeitura de Juiz de Fora, diversas a\u00e7\u00f5es foram feitas pelo munic\u00edpio para a garantia do retorno presencial seguro das atividades escolares, entre elas est\u00e1 um acordo firmado com o Minist\u00e9rio P\u00fablico de Minas Gerais, a garantia de esquema vacinal completo para os profissionais da educa\u00e7\u00e3o, capacita\u00e7\u00e3o dos profissionais, reforma das escolas, entre outras.<\/p>\n<p>De acordo com dados da Secretaria de Educa\u00e7\u00e3o, dos 9.472 alunos matriculados na educa\u00e7\u00e3o infantil da rede municipal, 60% est\u00e3o autorizados ao retorno presencial por seus familiares, mas este n\u00famero \u00e9 flex\u00edvel, j\u00e1 que em qualquer momento as fam\u00edlias poder\u00e3o fazer esta autoriza\u00e7\u00e3o.<\/p>\n<p>Secret\u00e1ria de Educa\u00e7\u00e3o, N\u00e1dia Ribas, avaliou a primeira semana presencial. \u201cAs nossas escolas se adequaram seguindo todos os protocolos, hoje temos uma ades\u00e3o de 60% das crian\u00e7as de educa\u00e7\u00e3o infantil e vejo esse retorno positivamente, tanto por parte dos profissionais, quanto das crian\u00e7as e das fam\u00edlias. Est\u00e1 tudo ocorrendo bem. Com muita tranquilidade at\u00e9 o momento\u201d, explica.<\/p>\n<p>Seguindo o protocolo Sanit\u00e1rio Municipal e os documentos orientadores pedag\u00f3gicos, as escolas e creches est\u00e3o realizando o atendimento por bolhas, de acordo com a realidade de cada institui\u00e7\u00e3o, para garantir o distanciamento. Para a diretora da E. M. Paulo Rog\u00e9rio dos Santos, Tatiane do Carmo Fernandes. \u201cFoi uma programa\u00e7\u00e3o muito tranquila desse retorno gradual das crian\u00e7as. N\u00f3s dividimos as turmas em tr\u00eas bolhas pela metragem da sala. N\u00f3s temos contatos com as fam\u00edlias, por WhatsApp, tamb\u00e9m na entrada da escola e a gente v\u00ea a alegria das crian\u00e7as neste retorno e tamb\u00e9m pelo feedback positivo dos pais\u201d.<\/p>\n<p>As pr\u00f3ximas etapas do retorno presencial ocorrem para o ensino fundamental I e Educa\u00e7\u00e3o de Jovens e Adultos (EJA) na segunda-feira, dia 4. No dia 11, \u00e9 vez do ensino fundamental II e ensino m\u00e9dio. E por fim o ensino superior retorna presencial, no dia 18 de outubro.<\/p>\n","protected":false},"excerpt":{"rendered":"<p>Desde o in\u00edcio da semana, as crian\u00e7as matriculadas em creches e escolas de Juiz de Fora retornaram \u00e0s suas atividades de ensino presenciais. S\u00f3 na rede municipal, 46 creches parceiras da Prefeitura e 79 escolas, que atendem a educa\u00e7\u00e3o infantil, j\u00e1 receberam seus alunos com a aprova\u00e7\u00e3o dos respons\u00e1veis. Segundo informa\u00e7\u00f5es do site da Prefeitura [&hellip;]<\/p>\n","protected":false},"author":246,"featured_media":189144,"comment_status":"closed","ping_status":"closed","sticky":false,"template":"","format":"standard","meta":{"footnotes":""},"categories":[253,436],"tags":[],"class_list":["post-189143","post","type-post","status-publish","format-standard","has-post-thumbnail","hentry","category-cidade","category-destaque-da-semana"],"_links":{"self":[{"href":"https:\/\/diarioregionaldigital.com.br\/index.php?rest_route=\/wp\/v2\/posts\/189143","targetHints":{"allow":["GET"]}}],"collection":[{"href":"https:\/\/diarioregionaldigital.com.br\/index.php?rest_route=\/wp\/v2\/posts"}],"about":[{"href":"https:\/\/diarioregionaldigital.com.br\/index.php?rest_route=\/wp\/v2\/types\/post"}],"author":[{"embeddable":true,"href":"https:\/\/diarioregionaldigital.com.br\/index.php?rest_route=\/wp\/v2\/users\/246"}],"replies":[{"embeddable":true,"href":"https:\/\/diarioregionaldigital.com.br\/index.php?rest_route=%2Fwp%2Fv2%2Fcomments&post=189143"}],"version-history":[{"count":1,"href":"https:\/\/diarioregionaldigital.com.br\/index.php?rest_route=\/wp\/v2\/posts\/189143\/revisions"}],"predecessor-version":[{"id":189145,"href":"https:\/\/diarioregionaldigital.com.br\/index.php?rest_route=\/wp\/v2\/posts\/189143\/revisions\/189145"}],"wp:featuredmedia":[{"embeddable":true,"href":"https:\/\/diarioregionaldigital.com.br\/index.php?rest_route=\/wp\/v2\/media\/189144"}],"wp:attachment":[{"href":"https:\/\/diarioregionaldigital.com.br\/index.php?rest_route=%2Fwp%2Fv2%2Fmedia&parent=189143"}],"wp:term":[{"taxonomy":"category","embeddable":true,"href":"https:\/\/diarioregionaldigital.com.br\/index.php?rest_route=%2Fwp%2Fv2%2Fcategories&post=189143"},{"taxonomy":"post_tag","embeddable":true,"href":"https:\/\/diarioregionaldigital.com.br\/index.php?rest_route=%2Fwp%2Fv2%2Ftags&post=189143"}],"curies":[{"name":"wp","href":"https:\/\/api.w.org\/{rel}","templated":true}]}}