{"id":189140,"date":"2021-10-01T19:42:01","date_gmt":"2021-10-01T22:42:01","guid":{"rendered":"https:\/\/diarioregionaldigital.com.br\/?p=189140"},"modified":"2021-10-01T19:42:01","modified_gmt":"2021-10-01T22:42:01","slug":"pjf-se-reune-com-clubes-da-cidade-para-ouvir-propostas-e-demandas","status":"publish","type":"post","link":"https:\/\/diarioregionaldigital.com.br\/?p=189140","title":{"rendered":"PJF se re\u00fane com clubes da cidade para ouvir propostas e demandas"},"content":{"rendered":"<p>Uma segunda reuni\u00e3o entre secret\u00e1rios da Prefeitura de Juiz de Fora (PJF), representantes da Procuradoria Geral do Munic\u00edpio (PGM), da Defesa Civil e dos Clubes de Juiz de Fora foi realizada nesta sexta-feira, dia 1\u00ba, com o objetivo de ouvir as demandas e as propostas das entidades.<\/p>\n<p>Segundo informa\u00e7\u00f5es do site da Prefeitura de Juiz de Fora, para o secret\u00e1rio de Esporte e Lazer, Marcelo Matta, \u201ca Prefeitura trabalha em duas perspectivas. A primeira \u00e9 ajudar aquelas pessoas que n\u00e3o t\u00eam possibilidade de ter um acesso \u00e0 iniciativa privada, ou seja, estes Clubes e espa\u00e7os de esportes. A segunda \u00e9 estimular a pr\u00e1tica esportiva, do lazer, da atividade f\u00edsica e na promo\u00e7\u00e3o da sa\u00fade, atrav\u00e9s de eventos realizados pela Prefeitura em parceria com as entidades\u201d.<\/p>\n<p>Estavam presentes neste encontro o secret\u00e1rio de Comunica\u00e7\u00e3o P\u00fablica, M\u00e1rcio Guerra; o secret\u00e1rio de Esporte e Lazer, Marcelo Matta; a secret\u00e1ria de Fazenda, Fernanda Finotti, o superintendente do Procon, Eduardo Floriano; o representante da Secretaria de Sustentabilidade em Meio Ambiente e Atividades Urbanas, Jo\u00e3o Paulo Xavier e da Defesa Civil, Lucas Campos, al\u00e9m dos representantes dos clubes Dom Pedro 2, Benfica, Vila Branca, Sport, Cascatinha, C\u00edrculo Militar, Tupi Foot Ball Club e a Associa\u00e7\u00e3o Portuguesa.<\/p>\n","protected":false},"excerpt":{"rendered":"<p>Uma segunda reuni\u00e3o entre secret\u00e1rios da Prefeitura de Juiz de Fora (PJF), representantes da Procuradoria Geral do Munic\u00edpio (PGM), da Defesa Civil e dos Clubes de Juiz de Fora foi realizada nesta sexta-feira, dia 1\u00ba, com o objetivo de ouvir as demandas e as propostas das entidades. Segundo informa\u00e7\u00f5es do site da Prefeitura de Juiz [&hellip;]<\/p>\n","protected":false},"author":246,"featured_media":189141,"comment_status":"closed","ping_status":"closed","sticky":false,"template":"","format":"standard","meta":{"footnotes":""},"categories":[253,436],"tags":[],"class_list":["post-189140","post","type-post","status-publish","format-standard","has-post-thumbnail","hentry","category-cidade","category-destaque-da-semana"],"_links":{"self":[{"href":"https:\/\/diarioregionaldigital.com.br\/index.php?rest_route=\/wp\/v2\/posts\/189140","targetHints":{"allow":["GET"]}}],"collection":[{"href":"https:\/\/diarioregionaldigital.com.br\/index.php?rest_route=\/wp\/v2\/posts"}],"about":[{"href":"https:\/\/diarioregionaldigital.com.br\/index.php?rest_route=\/wp\/v2\/types\/post"}],"author":[{"embeddable":true,"href":"https:\/\/diarioregionaldigital.com.br\/index.php?rest_route=\/wp\/v2\/users\/246"}],"replies":[{"embeddable":true,"href":"https:\/\/diarioregionaldigital.com.br\/index.php?rest_route=%2Fwp%2Fv2%2Fcomments&post=189140"}],"version-history":[{"count":1,"href":"https:\/\/diarioregionaldigital.com.br\/index.php?rest_route=\/wp\/v2\/posts\/189140\/revisions"}],"predecessor-version":[{"id":189142,"href":"https:\/\/diarioregionaldigital.com.br\/index.php?rest_route=\/wp\/v2\/posts\/189140\/revisions\/189142"}],"wp:featuredmedia":[{"embeddable":true,"href":"https:\/\/diarioregionaldigital.com.br\/index.php?rest_route=\/wp\/v2\/media\/189141"}],"wp:attachment":[{"href":"https:\/\/diarioregionaldigital.com.br\/index.php?rest_route=%2Fwp%2Fv2%2Fmedia&parent=189140"}],"wp:term":[{"taxonomy":"category","embeddable":true,"href":"https:\/\/diarioregionaldigital.com.br\/index.php?rest_route=%2Fwp%2Fv2%2Fcategories&post=189140"},{"taxonomy":"post_tag","embeddable":true,"href":"https:\/\/diarioregionaldigital.com.br\/index.php?rest_route=%2Fwp%2Fv2%2Ftags&post=189140"}],"curies":[{"name":"wp","href":"https:\/\/api.w.org\/{rel}","templated":true}]}}