{"id":189134,"date":"2021-10-01T19:34:54","date_gmt":"2021-10-01T22:34:54","guid":{"rendered":"https:\/\/diarioregionaldigital.com.br\/?p=189134"},"modified":"2021-10-01T19:34:54","modified_gmt":"2021-10-01T22:34:54","slug":"ubss-realizam-o-dia-d-da-multivacinacao-neste-sabado-2","status":"publish","type":"post","link":"https:\/\/diarioregionaldigital.com.br\/?p=189134","title":{"rendered":"UBSs realizam o Dia D da multivacina\u00e7\u00e3o neste s\u00e1bado, 2"},"content":{"rendered":"<p>Manter o cart\u00e3o de vacina em dia \u00e9 de suma import\u00e2ncia para que as crian\u00e7as e adolescentes fiquem protegidos e que n\u00e3o tenhamos o aumento de casos de doen\u00e7as evit\u00e1veis. Diversas vacinas, como as contra sarampo, rub\u00e9ola, hepatites A e B, poliomielite (paralisia infantil), HPV, entre outras, estar\u00e3o dispon\u00edveis neste s\u00e1bado, 2, quando acontece o \u201cDia D\u201d da Multivacina\u00e7\u00e3o. Em Juiz de Fora, todas as Unidades B\u00e1sicas de Sa\u00fade (UBSs), o PAM Marechal e a Igreja Sagrado Cora\u00e7\u00e3o de Jesus, localizada no Bairu, ir\u00e3o funcionar das 8h \u00e0s 17h, sem intervalo, para a aplica\u00e7\u00e3o das vacinas destinadas a crian\u00e7as e a adolescentes de at\u00e9 14 anos.<\/p>\n<p>Segundo informa\u00e7\u00f5es do site da Prefeitura de Juiz de Fora, a campanha de multivacina\u00e7\u00e3o, realizada pela Secretaria de Sa\u00fade (SS) da Prefeitura de Juiz de Fora (PJF), por meio do Programa Nacional de Imuniza\u00e7\u00f5es (PNI), \u00e9 destinada \u00e0 atualiza\u00e7\u00e3o da caderneta de vacina\u00e7\u00e3o de crian\u00e7as e adolescentes menores de 15 anos. Em 2021, a campanha de \u00e2mbito nacional, ocorre de 1\u00ba a 29 de outubro, sendo 2 de outubro o dia \u201cD\u201d de divulga\u00e7\u00e3o e mobiliza\u00e7\u00e3o em todo o pa\u00eds.<\/p>\n<p>A multivacina\u00e7\u00e3o tem como objetivo facilitar o acesso \u00e0s vacinas que fazem parte do Calend\u00e1rio Nacional de Vacina\u00e7\u00e3o da Crian\u00e7a e do Adolescente; atualizar a situa\u00e7\u00e3o vacinal; aumentar as coberturas vacinais e homogeneidade; diminuir a incid\u00eancia e contribuir para o controle, elimina\u00e7\u00e3o e\/ou erradica\u00e7\u00e3o das doen\u00e7as imunopreven\u00edveis nas crian\u00e7as e adolescentes menores de 15 anos de idade.<\/p>\n<p><b>Fique atento<\/b><\/p>\n<p>A Secretaria de Sa\u00fade refor\u00e7a que \u00e9\u00a0<b>obrigat\u00f3rio apresentar a caderneta de vacina\u00e7\u00e3o\u00a0<\/b>durante a campanha, para receber as vacinas. Quem se vacinou contra a Covid-19 deve esperar pelo menos 14 dias entre o momento que recebeu a dose do imunizante contra o coronav\u00edrus para poder ser vacinado. Para quem foi diagnosticado com Covid-19, \u00e9 recomendado ao menos 30 dias de espera entre o come\u00e7o dos sintomas ou teste positivo (no caso dos assintom\u00e1ticos) para receber a vacina.<\/p>\n","protected":false},"excerpt":{"rendered":"<p>Manter o cart\u00e3o de vacina em dia \u00e9 de suma import\u00e2ncia para que as crian\u00e7as e adolescentes fiquem protegidos e que n\u00e3o tenhamos o aumento de casos de doen\u00e7as evit\u00e1veis. Diversas vacinas, como as contra sarampo, rub\u00e9ola, hepatites A e B, poliomielite (paralisia infantil), HPV, entre outras, estar\u00e3o dispon\u00edveis neste s\u00e1bado, 2, quando acontece o [&hellip;]<\/p>\n","protected":false},"author":246,"featured_media":189135,"comment_status":"closed","ping_status":"closed","sticky":false,"template":"","format":"standard","meta":{"footnotes":""},"categories":[253,436],"tags":[],"class_list":["post-189134","post","type-post","status-publish","format-standard","has-post-thumbnail","hentry","category-cidade","category-destaque-da-semana"],"_links":{"self":[{"href":"https:\/\/diarioregionaldigital.com.br\/index.php?rest_route=\/wp\/v2\/posts\/189134","targetHints":{"allow":["GET"]}}],"collection":[{"href":"https:\/\/diarioregionaldigital.com.br\/index.php?rest_route=\/wp\/v2\/posts"}],"about":[{"href":"https:\/\/diarioregionaldigital.com.br\/index.php?rest_route=\/wp\/v2\/types\/post"}],"author":[{"embeddable":true,"href":"https:\/\/diarioregionaldigital.com.br\/index.php?rest_route=\/wp\/v2\/users\/246"}],"replies":[{"embeddable":true,"href":"https:\/\/diarioregionaldigital.com.br\/index.php?rest_route=%2Fwp%2Fv2%2Fcomments&post=189134"}],"version-history":[{"count":1,"href":"https:\/\/diarioregionaldigital.com.br\/index.php?rest_route=\/wp\/v2\/posts\/189134\/revisions"}],"predecessor-version":[{"id":189136,"href":"https:\/\/diarioregionaldigital.com.br\/index.php?rest_route=\/wp\/v2\/posts\/189134\/revisions\/189136"}],"wp:featuredmedia":[{"embeddable":true,"href":"https:\/\/diarioregionaldigital.com.br\/index.php?rest_route=\/wp\/v2\/media\/189135"}],"wp:attachment":[{"href":"https:\/\/diarioregionaldigital.com.br\/index.php?rest_route=%2Fwp%2Fv2%2Fmedia&parent=189134"}],"wp:term":[{"taxonomy":"category","embeddable":true,"href":"https:\/\/diarioregionaldigital.com.br\/index.php?rest_route=%2Fwp%2Fv2%2Fcategories&post=189134"},{"taxonomy":"post_tag","embeddable":true,"href":"https:\/\/diarioregionaldigital.com.br\/index.php?rest_route=%2Fwp%2Fv2%2Ftags&post=189134"}],"curies":[{"name":"wp","href":"https:\/\/api.w.org\/{rel}","templated":true}]}}