{"id":189131,"date":"2021-10-01T19:29:08","date_gmt":"2021-10-01T22:29:08","guid":{"rendered":"https:\/\/diarioregionaldigital.com.br\/?p=189131"},"modified":"2021-10-01T19:29:08","modified_gmt":"2021-10-01T22:29:08","slug":"plano-emergencial-para-o-frio-alcancou-mais-de-mil-pessoas-em-juiz-de-fora","status":"publish","type":"post","link":"https:\/\/diarioregionaldigital.com.br\/?p=189131","title":{"rendered":"Plano Emergencial para o frio alcan\u00e7ou mais de mil pessoas em Juiz de Fora"},"content":{"rendered":"<p>Com o fim do inverno, termina a vig\u00eancia do\u00a0<a href=\"https:\/\/www.pjf.mg.gov.br\/e_atos\/e_atos_vis.php?id=85400\"><b>Plano de Conting\u00eancia para Situa\u00e7\u00f5es de Baixas Temperaturas<\/b><\/a>\u00a0criado pela Defesa Civil da Prefeitura de Juiz de Fora (PJF). A a\u00e7\u00e3o emergencial, que alcan\u00e7ou mais de mil pessoas, visou a garantir seguran\u00e7a para a popula\u00e7\u00e3o em situa\u00e7\u00e3o de vulnerabilidade no enfrentamento do frio.<\/p>\n<p>Segundo informa\u00e7\u00f5es do site da Prefeitura de Juiz de Fora, como conta a secret\u00e1ria de governo, Cidinha Louzada, a iniciativa foi in\u00e9dita no munic\u00edpio. \u201cCom a vinda da Defesa Civil para a Secretaria de Governo, n\u00f3s passamos a entender que o frio tamb\u00e9m \u00e9 uma situa\u00e7\u00e3o de desastre na qual o \u00f3rg\u00e3o deve atuar. Ent\u00e3o, assim como fizemos na \u00e9poca de chuvas, criamos uma a\u00e7\u00e3o integrada e emergencial para garantir a redu\u00e7\u00e3o dos riscos causados pelas condi\u00e7\u00f5es clim\u00e1ticas. Nosso trabalho foi considerado exemplo para outras Defesas Civis e, certamente, contribuiu para salvar vidas\u201d, explica. A secret\u00e1ria lembra, ainda, que o Plano de Conting\u00eancia para Situa\u00e7\u00f5es de Baixas Temperaturas ser\u00e1 estabelecido todo ano, sempre com dura\u00e7\u00e3o do m\u00eas de junho at\u00e9 o final de setembro.<\/p>\n<p>A Defesa Civil de Juiz de Fora realizou monitoramento constante das condi\u00e7\u00f5es de temperatura m\u00ednima e de sensa\u00e7\u00e3o t\u00e9rmica a fim de emitir alertas sobre quedas bruscas de temperatura. Junto ao\u00a0<a href=\"https:\/\/www.pjf.mg.gov.br\/e_atos\/e_atos_vis.php?id=85371\"><b>Comit\u00ea Permanente de Gest\u00e3o de Situa\u00e7\u00f5es de Baixas Temperaturas<\/b><\/a>\u00a0, foram promovidas a\u00e7\u00f5es estrat\u00e9gicas para acolher a popula\u00e7\u00e3o em situa\u00e7\u00e3o de rua durante o inverno. O Comit\u00ea \u00e9 composto por representantes da Secretaria de Governo (SG); da Secretaria de Assist\u00eancia Social (SAS); da Secretaria de Seguran\u00e7a Urbana e Cidadania (Sesuc); da Secretaria de Mobilidade Urbana (SMU); da Secretaria Especial de Direitos Humanos (SEDH); da Empresa Regional de Habita\u00e7\u00e3o de Juiz de Fora (Emcasa); e da Secretaria de Comunica\u00e7\u00e3o P\u00fablica (Secom).<\/p>\n<p>De 30 de julho a 2 de agosto, Juiz de Fora teve registro de dias com temperaturas inferiores a 10\u00ba C &#8211; o que indica n\u00edvel de alerta m\u00e1ximo. Diante desses indicativos, a Defesa Civil acionou o Plano de Conting\u00eancia e montou duas tendas emergenciais para servirem como ponto de apoio para a popula\u00e7\u00e3o em situa\u00e7\u00e3o de vulnerabilidade neste per\u00edodo. As tendas eram localizadas na Pra\u00e7a do Riachuelo, no Centro, e na sede da Associa\u00e7\u00e3o de Moradores, em Benfica. Cerca de 30 pessoas passaram a noite em cada uma das tendas diariamente. \u201cO dia 30 de julho marcou 5,6\u00ba C, que foi a menor temperatura registrada em Juiz de Fora nos \u00faltimos 21 anos. As tendas emergenciais, onde dezenas de pessoas se alimentaram e puderam dormir protegidas, foram fundamentais para garantir a seguran\u00e7a \u00e0 vida\u201d, pontua o subsecret\u00e1rio da Defesa Civil, Lu\u00eds Fernando Martins.<\/p>\n<p>Todas as a\u00e7\u00f5es foram poss\u00edveis com o apoio de entidades e da popula\u00e7\u00e3o de Juiz de Fora, que atuaram como volunt\u00e1rios e realizaram doa\u00e7\u00f5es. Durante os dias de funcionamento das tendas emergenciais, mais de 800 pe\u00e7as de roupas foram arrecadadas e mais de cem refei\u00e7\u00f5es foram servidas por dia atrav\u00e9s de doa\u00e7\u00f5es da popula\u00e7\u00e3o. Al\u00e9m disso, a campanha \u201cJuiz de Fora Solid\u00e1ria no Frio\u201d funcionou durante todo o inverno e recebeu doa\u00e7\u00f5es de cobertores, colch\u00f5es, roupas de cama, toalhas, agasalhos, materiais de higiene pessoal, descart\u00e1veis, entre outros. O munic\u00edpio tamb\u00e9m recebeu doa\u00e7\u00f5es da Coordenadoria Estadual de Defesa Civil (Cedec) e do programa Mesa Brasil &#8211; que foram destinadas para os abrigos tempor\u00e1rios emergenciais.<\/p>\n<p><b>Acolhimento emergencial<\/b><\/p>\n<p>Junto \u00e0 abordagem social da Secretaria de Assist\u00eancia Social (SAS), a Central de Atendimento da Defesa Civil recebeu liga\u00e7\u00f5es durante 24 horas indicando pessoas em situa\u00e7\u00e3o de rua que estavam precisando de apoio. Assim, a pessoa era localizada, amparada e encaminhada para um local seguro. Durante a madrugada, tamb\u00e9m foram realizadas rondas para distribuir cobertores, alimentos e para encaminhar as pessoas para abrigos.<\/p>\n<p>A Defesa Civil realizou, ainda, a contrata\u00e7\u00e3o emergencial de hot\u00e9is para acolher pessoas em situa\u00e7\u00e3o de rua durante a onda de frio. Entre julho e setembro, ficaram disponibilizadas 20 vagas em unidades hoteleiras. As vagas eram voltadas para atendimento preferencial a m\u00e3es em situa\u00e7\u00e3o de rua com crian\u00e7as.<\/p>\n<p>Al\u00e9m disso, o Plano de Conting\u00eancia para Situa\u00e7\u00f5es de Baixas Temperaturas viabilizou a instaura\u00e7\u00e3o de um alojamento emergencial no antigo pr\u00e9dio da Empresa Regional de Habita\u00e7\u00e3o de Juiz de Fora (EmCasa). Com capacidade para abrigar at\u00e9 50 pessoas por noite, o abrigo emergencial recebeu cerca de 500 pessoas diferentes durante todo o inverno. No espa\u00e7o era permitido o acolhimento de casais, de animais de estima\u00e7\u00e3o, havia local para guarda de carrinhos e flexibiliza\u00e7\u00e3o do hor\u00e1rio de entrada.<\/p>\n<p>Muitas pessoas passaram pelo alojamento emergencial e o p\u00fablico abrigado era muito rotativo. No entanto, cerca de 70 pessoas dormiam no abrigo com frequ\u00eancia e todos foram atendidos pela SAS. A secret\u00e1ria de assist\u00eancia social, Malu Salim, ressalta que todos ser\u00e3o acolhidos pelas pol\u00edticas p\u00fablicas do munic\u00edpio &#8211; sendo que 34 j\u00e1 foram encaminhadas para receber aux\u00edlio-moradia. \u201cO abrigo cumpriu o seu papel, que era justamente proteger a popula\u00e7\u00e3o em situa\u00e7\u00e3o de rua durante o inverno. N\u00e3o tivemos nenhum \u00f3bito por frio este ano em Juiz de Fora\u201d, destaca. A secret\u00e1ria afirma, ainda, que o tratamento recebido pelos abrigados foi fundamental para o sucesso do alojamento emergencial. \u201cOutra coisa que chamou a aten\u00e7\u00e3o no abrigo foi a acolhida humanizada feita pelos servidores volunt\u00e1rios da Secretaria Especial de Direitos Humanos. Isso fez com que as pessoas se sentissem acolhidas no espa\u00e7o. Estamos atentas ao desejo de cada um para agora acolh\u00ea-los nos nossos servi\u00e7os socioassistenciais\u201d, afirma.<\/p>\n","protected":false},"excerpt":{"rendered":"<p>Com o fim do inverno, termina a vig\u00eancia do\u00a0Plano de Conting\u00eancia para Situa\u00e7\u00f5es de Baixas Temperaturas\u00a0criado pela Defesa Civil da Prefeitura de Juiz de Fora (PJF). A a\u00e7\u00e3o emergencial, que alcan\u00e7ou mais de mil pessoas, visou a garantir seguran\u00e7a para a popula\u00e7\u00e3o em situa\u00e7\u00e3o de vulnerabilidade no enfrentamento do frio. Segundo informa\u00e7\u00f5es do site da [&hellip;]<\/p>\n","protected":false},"author":246,"featured_media":189132,"comment_status":"closed","ping_status":"closed","sticky":false,"template":"","format":"standard","meta":{"footnotes":""},"categories":[253,440],"tags":[],"class_list":["post-189131","post","type-post","status-publish","format-standard","has-post-thumbnail","hentry","category-cidade","category-destaques-do-dia"],"_links":{"self":[{"href":"https:\/\/diarioregionaldigital.com.br\/index.php?rest_route=\/wp\/v2\/posts\/189131","targetHints":{"allow":["GET"]}}],"collection":[{"href":"https:\/\/diarioregionaldigital.com.br\/index.php?rest_route=\/wp\/v2\/posts"}],"about":[{"href":"https:\/\/diarioregionaldigital.com.br\/index.php?rest_route=\/wp\/v2\/types\/post"}],"author":[{"embeddable":true,"href":"https:\/\/diarioregionaldigital.com.br\/index.php?rest_route=\/wp\/v2\/users\/246"}],"replies":[{"embeddable":true,"href":"https:\/\/diarioregionaldigital.com.br\/index.php?rest_route=%2Fwp%2Fv2%2Fcomments&post=189131"}],"version-history":[{"count":1,"href":"https:\/\/diarioregionaldigital.com.br\/index.php?rest_route=\/wp\/v2\/posts\/189131\/revisions"}],"predecessor-version":[{"id":189133,"href":"https:\/\/diarioregionaldigital.com.br\/index.php?rest_route=\/wp\/v2\/posts\/189131\/revisions\/189133"}],"wp:featuredmedia":[{"embeddable":true,"href":"https:\/\/diarioregionaldigital.com.br\/index.php?rest_route=\/wp\/v2\/media\/189132"}],"wp:attachment":[{"href":"https:\/\/diarioregionaldigital.com.br\/index.php?rest_route=%2Fwp%2Fv2%2Fmedia&parent=189131"}],"wp:term":[{"taxonomy":"category","embeddable":true,"href":"https:\/\/diarioregionaldigital.com.br\/index.php?rest_route=%2Fwp%2Fv2%2Fcategories&post=189131"},{"taxonomy":"post_tag","embeddable":true,"href":"https:\/\/diarioregionaldigital.com.br\/index.php?rest_route=%2Fwp%2Fv2%2Ftags&post=189131"}],"curies":[{"name":"wp","href":"https:\/\/api.w.org\/{rel}","templated":true}]}}