{"id":189127,"date":"2021-10-01T15:30:59","date_gmt":"2021-10-01T18:30:59","guid":{"rendered":"https:\/\/diarioregionaldigital.com.br\/?p=189127"},"modified":"2021-10-01T15:30:59","modified_gmt":"2021-10-01T18:30:59","slug":"grupo-do-brasil-no-mundial-de-volei-masculino-e-definido","status":"publish","type":"post","link":"https:\/\/diarioregionaldigital.com.br\/?p=189127","title":{"rendered":"Grupo do Brasil no Mundial de v\u00f4lei masculino \u00e9 definido"},"content":{"rendered":"<p>A Federa\u00e7\u00e3o Internacional de V\u00f4lei (FIVB) realizou, nesta quinta-feira (30), um sorteio no qual definiu os grupos do Campeonato Mundial de v\u00f4lei masculino, que ser\u00e1 disputado entre 26 de agosto e 11 de setembro de 2022, na R\u00fassia.<img decoding=\"async\" src=\"https:\/\/agenciabrasil.ebc.com.br\/ebc.png?id=1423125&amp;o=node\" \/><img decoding=\"async\" src=\"https:\/\/agenciabrasil.ebc.com.br\/ebc.gif?id=1423125&amp;o=node\" \/><\/p>\n<p>O Brasil ficou no Grupo B ao lado de Jap\u00e3o, Cuba e Catar, e disputar\u00e1 a primeira fase da competi\u00e7\u00e3o em Kemerovo.<\/p>\n<p>O t\u00e9cnico da sele\u00e7\u00e3o, Renan Dal Zotto, acompanhou o sorteio e fez um coment\u00e1rio, \u00e0 Confedera\u00e7\u00e3o Brasileira de V\u00f4lei (CBV), ap\u00f3s a defini\u00e7\u00e3o da chave do Brasil: \u201cO Jap\u00e3o \u00e9 uma equipe que est\u00e1 crescendo muito nos \u00faltimos anos. Muitos jogadores est\u00e3o indo jogar fora do pa\u00eds e t\u00eam participado de grandes ligas. Cuba \u00e9 um advers\u00e1rio tradicional do voleibol brasileiro e tem o saque e o ataque como as suas principais carater\u00edsticas. J\u00e1 o Catar \u00e9 uma equipe que tamb\u00e9m tem evolu\u00eddo com a presen\u00e7a de t\u00e9cnicos brasileiros nas ligas locais\u201d.<\/p>\n<p>\u201cO Mundial \u00e9 o principal objetivo no pr\u00f3ximo ano. Vamos ter a Liga das Na\u00e7\u00f5es para nos prepararmos e chegarmos no nosso melhor momento na R\u00fassia\u201d, declarou o treinador.<\/p>\n<p>O Grupo A da competi\u00e7\u00e3o \u00e9 formado por R\u00fassia, S\u00e9rvia, Tun\u00edsia e Porto Rico. J\u00e1 o C conta com as equipes da Pol\u00f4nia, dos Estados Unidos, do M\u00e9xico e da Bulg\u00e1ria. O Grupo D conta com as sele\u00e7\u00f5es de Fran\u00e7a, Eslov\u00eania, Alemanha e Camar\u00f5es. O E \u00e9 formado por It\u00e1lia, Canad\u00e1, Turquia e China, enquanto o F tem Argentina, Ir\u00e3, Holanda e Egito.<\/p>\n<p><span style=\"font-weight: 400;\">Fonte: Ag\u00eancia Brasil <\/span><\/p>\n","protected":false},"excerpt":{"rendered":"<p>A Federa\u00e7\u00e3o Internacional de V\u00f4lei (FIVB) realizou, nesta quinta-feira (30), um sorteio no qual definiu os grupos do Campeonato Mundial de v\u00f4lei masculino, que ser\u00e1 disputado entre 26 de agosto e 11 de setembro de 2022, na R\u00fassia. O Brasil ficou no Grupo B ao lado de Jap\u00e3o, Cuba e Catar, e disputar\u00e1 a primeira [&hellip;]<\/p>\n","protected":false},"author":246,"featured_media":189128,"comment_status":"closed","ping_status":"closed","sticky":false,"template":"","format":"standard","meta":{"footnotes":""},"categories":[436,257],"tags":[],"class_list":["post-189127","post","type-post","status-publish","format-standard","has-post-thumbnail","hentry","category-destaque-da-semana","category-esporte"],"_links":{"self":[{"href":"https:\/\/diarioregionaldigital.com.br\/index.php?rest_route=\/wp\/v2\/posts\/189127","targetHints":{"allow":["GET"]}}],"collection":[{"href":"https:\/\/diarioregionaldigital.com.br\/index.php?rest_route=\/wp\/v2\/posts"}],"about":[{"href":"https:\/\/diarioregionaldigital.com.br\/index.php?rest_route=\/wp\/v2\/types\/post"}],"author":[{"embeddable":true,"href":"https:\/\/diarioregionaldigital.com.br\/index.php?rest_route=\/wp\/v2\/users\/246"}],"replies":[{"embeddable":true,"href":"https:\/\/diarioregionaldigital.com.br\/index.php?rest_route=%2Fwp%2Fv2%2Fcomments&post=189127"}],"version-history":[{"count":1,"href":"https:\/\/diarioregionaldigital.com.br\/index.php?rest_route=\/wp\/v2\/posts\/189127\/revisions"}],"predecessor-version":[{"id":189129,"href":"https:\/\/diarioregionaldigital.com.br\/index.php?rest_route=\/wp\/v2\/posts\/189127\/revisions\/189129"}],"wp:featuredmedia":[{"embeddable":true,"href":"https:\/\/diarioregionaldigital.com.br\/index.php?rest_route=\/wp\/v2\/media\/189128"}],"wp:attachment":[{"href":"https:\/\/diarioregionaldigital.com.br\/index.php?rest_route=%2Fwp%2Fv2%2Fmedia&parent=189127"}],"wp:term":[{"taxonomy":"category","embeddable":true,"href":"https:\/\/diarioregionaldigital.com.br\/index.php?rest_route=%2Fwp%2Fv2%2Fcategories&post=189127"},{"taxonomy":"post_tag","embeddable":true,"href":"https:\/\/diarioregionaldigital.com.br\/index.php?rest_route=%2Fwp%2Fv2%2Ftags&post=189127"}],"curies":[{"name":"wp","href":"https:\/\/api.w.org\/{rel}","templated":true}]}}