{"id":189121,"date":"2021-10-01T15:24:29","date_gmt":"2021-10-01T18:24:29","guid":{"rendered":"https:\/\/diarioregionaldigital.com.br\/?p=189121"},"modified":"2021-10-01T15:24:29","modified_gmt":"2021-10-01T18:24:29","slug":"vela-brasil-lidera-evento-teste-da-copa-do-mundo-apos-quatro-regatas","status":"publish","type":"post","link":"https:\/\/diarioregionaldigital.com.br\/?p=189121","title":{"rendered":"Vela: Brasil lidera evento-teste da Copa do Mundo ap\u00f3s quatro regatas"},"content":{"rendered":"<p>A sele\u00e7\u00e3o brasileira de vela venceu as quatro regatas disputadas no Lago Neuch\u00e2tel (Su\u00ed\u00e7a) pelo evento-teste da SSL Gold Cup, considerada a Copa do Mundo da modalidade. Nesta quinta-feira (30), foram dois triunfos para a equipe do Brasil, que re\u00fane dez tripulantes, entre eles os bicampe\u00f5es ol\u00edmpicos Martine Grael, Kahena Kunze e Robert Scheidt (comandante da embarca\u00e7\u00e3o).<img decoding=\"async\" src=\"https:\/\/agenciabrasil.ebc.com.br\/ebc.png?id=1423129&amp;o=node\" \/><img decoding=\"async\" src=\"https:\/\/agenciabrasil.ebc.com.br\/ebc.gif?id=1423129&amp;o=node\" \/><\/p>\n<p>Oito equipes disputam o evento-teste desde quarta-feira (29), divididas em dois grupos. A chave liderada pelos brasileiros tem Israel, Om\u00e3 e Hungria. A outra re\u00fane Su\u00ed\u00e7a (l\u00edder), Cro\u00e1cia, Argentina e Est\u00f4nia. S\u00e3o mais dois dias com regatas para conclus\u00e3o da primeira fase, sendo uma nesta sexta-feira (1) e duas no s\u00e1bado (2). As duas melhores sele\u00e7\u00f5es de cada grupo avan\u00e7am \u00e0 regata final no domingo (3), para definir o campe\u00e3o da segunda semana da competi\u00e7\u00e3o. Na primeira, entre os \u00faltimos dias 13 e 19, deu \u00c1frica do Sul.<\/p>\n<p>\u201c&#8217;A gente est\u00e1 numa flotilha tranquila. Ganhamos as quatro regatas, mas acho que n\u00e3o vai ser assim daqui para frente. As pr\u00f3ximas competi\u00e7\u00f5es ano que vem ser\u00e3o bem acirradas. Estou gostando do entrosamento da equipe, estou bem contente\u201d, disse Martine \u00e0 assessoria de imprensa da Confedera\u00e7\u00e3o Brasileira de Vela (CBVela).<\/p>\n<p>Al\u00e9m de Scheidt, Martine e Kahena, a equipe brasileira tem outros dois velejadores que defenderam o pa\u00eds na Olimp\u00edada de T\u00f3quio (Jap\u00e3o): Gabriel Borges e Henrique Haddad. Andr\u00e9 Fonseca (representante em tr\u00eas edi\u00e7\u00f5es dos Jogos), Joca Signorini (campe\u00e3o da Ocean Race, mais antiga regata de volta ao mundo), Henry Boening, Alfredo Rovere e Juninho de Jesus tamb\u00e9m integram a sele\u00e7\u00e3o.<\/p>\n<p>A Copa do Mundo de vela ser\u00e1 realizada entre maio e junho do ano que vem, tamb\u00e9m na Su\u00ed\u00e7a. O evento reunir\u00e1 56 equipes (uma por na\u00e7\u00e3o), que competir\u00e3o em veleiros de 47 p\u00e9s (14,30 metros de comprimento), cedidos pela organiza\u00e7\u00e3o. A ideia \u00e9 que cada barco tenha os dez melhores velejadores do respectivo pa\u00eds.<\/p>\n<p><span style=\"font-weight: 400;\">Fonte: Ag\u00eancia Brasil <\/span><\/p>\n","protected":false},"excerpt":{"rendered":"<p>A sele\u00e7\u00e3o brasileira de vela venceu as quatro regatas disputadas no Lago Neuch\u00e2tel (Su\u00ed\u00e7a) pelo evento-teste da SSL Gold Cup, considerada a Copa do Mundo da modalidade. Nesta quinta-feira (30), foram dois triunfos para a equipe do Brasil, que re\u00fane dez tripulantes, entre eles os bicampe\u00f5es ol\u00edmpicos Martine Grael, Kahena Kunze e Robert Scheidt (comandante [&hellip;]<\/p>\n","protected":false},"author":246,"featured_media":189122,"comment_status":"closed","ping_status":"closed","sticky":false,"template":"","format":"standard","meta":{"footnotes":""},"categories":[436,257],"tags":[],"class_list":["post-189121","post","type-post","status-publish","format-standard","has-post-thumbnail","hentry","category-destaque-da-semana","category-esporte"],"_links":{"self":[{"href":"https:\/\/diarioregionaldigital.com.br\/index.php?rest_route=\/wp\/v2\/posts\/189121","targetHints":{"allow":["GET"]}}],"collection":[{"href":"https:\/\/diarioregionaldigital.com.br\/index.php?rest_route=\/wp\/v2\/posts"}],"about":[{"href":"https:\/\/diarioregionaldigital.com.br\/index.php?rest_route=\/wp\/v2\/types\/post"}],"author":[{"embeddable":true,"href":"https:\/\/diarioregionaldigital.com.br\/index.php?rest_route=\/wp\/v2\/users\/246"}],"replies":[{"embeddable":true,"href":"https:\/\/diarioregionaldigital.com.br\/index.php?rest_route=%2Fwp%2Fv2%2Fcomments&post=189121"}],"version-history":[{"count":1,"href":"https:\/\/diarioregionaldigital.com.br\/index.php?rest_route=\/wp\/v2\/posts\/189121\/revisions"}],"predecessor-version":[{"id":189123,"href":"https:\/\/diarioregionaldigital.com.br\/index.php?rest_route=\/wp\/v2\/posts\/189121\/revisions\/189123"}],"wp:featuredmedia":[{"embeddable":true,"href":"https:\/\/diarioregionaldigital.com.br\/index.php?rest_route=\/wp\/v2\/media\/189122"}],"wp:attachment":[{"href":"https:\/\/diarioregionaldigital.com.br\/index.php?rest_route=%2Fwp%2Fv2%2Fmedia&parent=189121"}],"wp:term":[{"taxonomy":"category","embeddable":true,"href":"https:\/\/diarioregionaldigital.com.br\/index.php?rest_route=%2Fwp%2Fv2%2Fcategories&post=189121"},{"taxonomy":"post_tag","embeddable":true,"href":"https:\/\/diarioregionaldigital.com.br\/index.php?rest_route=%2Fwp%2Fv2%2Ftags&post=189121"}],"curies":[{"name":"wp","href":"https:\/\/api.w.org\/{rel}","templated":true}]}}