{"id":189118,"date":"2021-10-01T15:21:52","date_gmt":"2021-10-01T18:21:52","guid":{"rendered":"https:\/\/diarioregionaldigital.com.br\/?p=189118"},"modified":"2021-10-01T15:21:52","modified_gmt":"2021-10-01T18:21:52","slug":"eliminatorias-lesionado-matheus-cunha-e-desconvocado-da-selecao","status":"publish","type":"post","link":"https:\/\/diarioregionaldigital.com.br\/?p=189118","title":{"rendered":"Eliminat\u00f3rias: lesionado, Matheus Cunha \u00e9 desconvocado da sele\u00e7\u00e3o"},"content":{"rendered":"<p>Campe\u00e3o ol\u00edmpico em T\u00f3quio 2020, o atacante Matheus Cunha foi desconvocado da sele\u00e7\u00e3o brasileira para os pr\u00f3ximos jogos das Eliminat\u00f3rias Sul-Americanas da Copa do Mundo do Catar, nos pr\u00f3ximos dias 7, 10 e 14. De acordo com a Confedera\u00e7\u00e3o Brasileira de Futebol (CBF), exames do departamento m\u00e9dico do Atl\u00e9tico de Madrid (Espanha) identificaram uma les\u00e3o muscular no adutor da coxa esquerda, e o atleta n\u00e3o ter\u00e1 tempo suficiente para se recuperar a tempo de disputar os embates das Eliminat\u00f3rias.<img decoding=\"async\" src=\"https:\/\/agenciabrasil.ebc.com.br\/ebc.png?id=1423213&amp;o=node\" \/><img decoding=\"async\" src=\"https:\/\/agenciabrasil.ebc.com.br\/ebc.gif?id=1423213&amp;o=node\" \/><\/p>\n<p>A comiss\u00e3o t\u00e9cnica embarca para a Col\u00f4mbia na madrugada de domingo (3) e a previs\u00e3o \u00e9 de que os jogadores comecem a se apresentar j\u00e1 na segunda-feira (4). O t\u00e9cnico Tite realizar\u00e1 tr\u00eas treinos com sele\u00e7\u00e3o at\u00e9 o embarque, no dia 6, para a Venezuela, primeiro dos tr\u00eas advers\u00e1rios. A\u00a0<a href=\"https:\/\/agenciabrasil.ebc.com.br\/esportes\/noticia\/2021-09\/com-jogadores-do-futebol-ingles-tite-convoca-selecao-brasileira\">convoca\u00e7\u00e3o da sele\u00e7\u00e3o\u00a0<\/a>para as Eliminat\u00f3rias ocorreu no\u00a0\u00faltimo dia 24.<\/p>\n<p>A equipe venezuelana ocupa a lanterna na classifica\u00e7\u00e3o para a Copa do Catar. O confronto ser\u00e1 dia 7 (quinta-feira), \u00e0s 20h30 (hor\u00e1rio de Bras\u00edlia), no est\u00e1dio Ol\u00edmpico de La UCV, na capital Caracas.\u00a0Os jogos seguintes ser\u00e3o contra a Col\u00f4mbia e Uruguai, nos dias 10 e 14 de outubro, respectivamente.<\/p>\n<p>O Brasil segue com 100 por cento de aproveitamento nas Eliminat\u00f3rias: soma 24 pontos, com oito vit\u00f3rias em oito jogos. Em segundo lugar est\u00e1 a Argentina (18), seguida de Uruguai (15). A Col\u00f4mbia ocupa atualmente a quinta posi\u00e7\u00e3o.<\/p>\n<p><span style=\"font-weight: 400;\">Fonte: Ag\u00eancia Brasil <\/span><\/p>\n","protected":false},"excerpt":{"rendered":"<p>Campe\u00e3o ol\u00edmpico em T\u00f3quio 2020, o atacante Matheus Cunha foi desconvocado da sele\u00e7\u00e3o brasileira para os pr\u00f3ximos jogos das Eliminat\u00f3rias Sul-Americanas da Copa do Mundo do Catar, nos pr\u00f3ximos dias 7, 10 e 14. De acordo com a Confedera\u00e7\u00e3o Brasileira de Futebol (CBF), exames do departamento m\u00e9dico do Atl\u00e9tico de Madrid (Espanha) identificaram uma les\u00e3o [&hellip;]<\/p>\n","protected":false},"author":246,"featured_media":189119,"comment_status":"closed","ping_status":"closed","sticky":false,"template":"","format":"standard","meta":{"footnotes":""},"categories":[436,440,257],"tags":[],"class_list":["post-189118","post","type-post","status-publish","format-standard","has-post-thumbnail","hentry","category-destaque-da-semana","category-destaques-do-dia","category-esporte"],"_links":{"self":[{"href":"https:\/\/diarioregionaldigital.com.br\/index.php?rest_route=\/wp\/v2\/posts\/189118","targetHints":{"allow":["GET"]}}],"collection":[{"href":"https:\/\/diarioregionaldigital.com.br\/index.php?rest_route=\/wp\/v2\/posts"}],"about":[{"href":"https:\/\/diarioregionaldigital.com.br\/index.php?rest_route=\/wp\/v2\/types\/post"}],"author":[{"embeddable":true,"href":"https:\/\/diarioregionaldigital.com.br\/index.php?rest_route=\/wp\/v2\/users\/246"}],"replies":[{"embeddable":true,"href":"https:\/\/diarioregionaldigital.com.br\/index.php?rest_route=%2Fwp%2Fv2%2Fcomments&post=189118"}],"version-history":[{"count":1,"href":"https:\/\/diarioregionaldigital.com.br\/index.php?rest_route=\/wp\/v2\/posts\/189118\/revisions"}],"predecessor-version":[{"id":189120,"href":"https:\/\/diarioregionaldigital.com.br\/index.php?rest_route=\/wp\/v2\/posts\/189118\/revisions\/189120"}],"wp:featuredmedia":[{"embeddable":true,"href":"https:\/\/diarioregionaldigital.com.br\/index.php?rest_route=\/wp\/v2\/media\/189119"}],"wp:attachment":[{"href":"https:\/\/diarioregionaldigital.com.br\/index.php?rest_route=%2Fwp%2Fv2%2Fmedia&parent=189118"}],"wp:term":[{"taxonomy":"category","embeddable":true,"href":"https:\/\/diarioregionaldigital.com.br\/index.php?rest_route=%2Fwp%2Fv2%2Fcategories&post=189118"},{"taxonomy":"post_tag","embeddable":true,"href":"https:\/\/diarioregionaldigital.com.br\/index.php?rest_route=%2Fwp%2Fv2%2Ftags&post=189118"}],"curies":[{"name":"wp","href":"https:\/\/api.w.org\/{rel}","templated":true}]}}