{"id":189115,"date":"2021-10-01T15:16:45","date_gmt":"2021-10-01T18:16:45","guid":{"rendered":"https:\/\/diarioregionaldigital.com.br\/?p=189115"},"modified":"2021-10-01T15:16:45","modified_gmt":"2021-10-01T18:16:45","slug":"presidente-discute-preco-dos-combustiveis-com-camara-e-economia","status":"publish","type":"post","link":"https:\/\/diarioregionaldigital.com.br\/?p=189115","title":{"rendered":"Presidente discute pre\u00e7o dos combust\u00edveis com C\u00e2mara e Economia"},"content":{"rendered":"<p>O presidente da C\u00e2mara dos Deputados, Arthur Lira (PP-AL), disse, hoje (1\u00ba), que vai passar o final de semana em tratativas para buscar solu\u00e7\u00f5es para reduzir o pre\u00e7o dos combust\u00edveis. Lira se reuniu com o presidente Jair Bolsonaro e o ministro da Economia, Paulo Guedes, para debater o tema, bem como as pautas da agenda econ\u00f4mica.<img decoding=\"async\" src=\"https:\/\/agenciabrasil.ebc.com.br\/ebc.png?id=1423191&amp;o=node\" \/><img decoding=\"async\" src=\"https:\/\/agenciabrasil.ebc.com.br\/ebc.gif?id=1423191&amp;o=node\" \/><\/p>\n<p>&#8220;Em reuni\u00e3o agora com o presidente Bolsonaro e com o ministro Paulo Guedes para discutirmos n\u00e3o somente o pre\u00e7o dos combust\u00edveis como a pauta da economia. Como eu disse aos l\u00edderes, passaremos o final de semana em conversas e tratativas&#8221;, publicou Lira em seu perfil no Twitter.<\/p>\n<p>O presidente da C\u00e2mara foi recebido no Pal\u00e1cio da Alvorada, na manh\u00e3 desta sexta-feira em encontro que n\u00e3o constava da agenda oficial do presidente Jair Bolsonaro. Os sucessivos aumentos no pre\u00e7o dos combust\u00edveis tem pressionado a infla\u00e7\u00e3o.<\/p>\n<p>Na quarta-feira (28), Lira disse que vem discutido com l\u00edderes da base do governo propostas que busquem melhorar a composi\u00e7\u00e3o de pre\u00e7os dos combust\u00edveis. Segundo ele, a iniciativa visaria conter os aumentos e manter os pre\u00e7os mais est\u00e1veis diante das varia\u00e7\u00f5es do d\u00f3lar e do barril do petr\u00f3leo. Entre as propostas em discuss\u00e3o, est\u00e3o a cria\u00e7\u00e3o de um fundo e uma proposta de unifica\u00e7\u00e3o da al\u00edquota do Imposto sobre Circula\u00e7\u00e3o de Mercadorias e Servi\u00e7os (ICMS) incidente sobre os combust\u00edveis.<\/p>\n<p>Lira lembrou que a\u00a0<a href=\"https:\/\/agenciabrasil.ebc.com.br\/politica\/noticia\/2021-09\/camara-aprova-auxilio-gas-social-para-familias-de-baixa-renda\" target=\"_blank\" rel=\"noopener\">C\u00e2mara aprovou nesta semana proposta que reduz o pre\u00e7o do botij\u00e3o de g\u00e1s<\/a>\u00a0para fam\u00edlias com baixa renda, por meio do\u00a0<a href=\"https:\/\/www.camara.leg.br\/proposicoesWeb\/prop_mostrarintegra?codteor=1991119\" target=\"_blank\" rel=\"noopener\">programa G\u00e1s Social<\/a>. Pelo texto aprovado, o valor do benef\u00edcio deve ser fixado semestralmente e ser\u00e1 referente \u00e0 metade da m\u00e9dia do pre\u00e7o nacional de um botij\u00e3o de 13 quilos de g\u00e1s liquefeito de petr\u00f3leo (GLP). A proposta ainda precisa ser votada pelo Senado, antes de ser sancionada ou vetada pelo presidente Jair Bolsonaro.<\/p>\n<p>\u201cCom todo g\u00e1s, seguimos na luta pela redu\u00e7\u00e3o nos pre\u00e7os dos combust\u00edveis, mas j\u00e1 temos decis\u00f5es pr\u00e1ticas. A C\u00e2mara aprovou o G\u00e1s Social, que corta pela metade o pre\u00e7o do botij\u00e3o para fam\u00edlias com baixa renda\u201d , disse Lira por meio de suas redes sociais.<\/p>\n<p><span style=\"font-weight: 400;\">Fonte: Ag\u00eancia Brasil <\/span><\/p>\n","protected":false},"excerpt":{"rendered":"<p>O presidente da C\u00e2mara dos Deputados, Arthur Lira (PP-AL), disse, hoje (1\u00ba), que vai passar o final de semana em tratativas para buscar solu\u00e7\u00f5es para reduzir o pre\u00e7o dos combust\u00edveis. Lira se reuniu com o presidente Jair Bolsonaro e o ministro da Economia, Paulo Guedes, para debater o tema, bem como as pautas da agenda [&hellip;]<\/p>\n","protected":false},"author":246,"featured_media":189116,"comment_status":"closed","ping_status":"closed","sticky":false,"template":"","format":"standard","meta":{"footnotes":""},"categories":[436,254],"tags":[],"class_list":["post-189115","post","type-post","status-publish","format-standard","has-post-thumbnail","hentry","category-destaque-da-semana","category-politica"],"_links":{"self":[{"href":"https:\/\/diarioregionaldigital.com.br\/index.php?rest_route=\/wp\/v2\/posts\/189115","targetHints":{"allow":["GET"]}}],"collection":[{"href":"https:\/\/diarioregionaldigital.com.br\/index.php?rest_route=\/wp\/v2\/posts"}],"about":[{"href":"https:\/\/diarioregionaldigital.com.br\/index.php?rest_route=\/wp\/v2\/types\/post"}],"author":[{"embeddable":true,"href":"https:\/\/diarioregionaldigital.com.br\/index.php?rest_route=\/wp\/v2\/users\/246"}],"replies":[{"embeddable":true,"href":"https:\/\/diarioregionaldigital.com.br\/index.php?rest_route=%2Fwp%2Fv2%2Fcomments&post=189115"}],"version-history":[{"count":1,"href":"https:\/\/diarioregionaldigital.com.br\/index.php?rest_route=\/wp\/v2\/posts\/189115\/revisions"}],"predecessor-version":[{"id":189117,"href":"https:\/\/diarioregionaldigital.com.br\/index.php?rest_route=\/wp\/v2\/posts\/189115\/revisions\/189117"}],"wp:featuredmedia":[{"embeddable":true,"href":"https:\/\/diarioregionaldigital.com.br\/index.php?rest_route=\/wp\/v2\/media\/189116"}],"wp:attachment":[{"href":"https:\/\/diarioregionaldigital.com.br\/index.php?rest_route=%2Fwp%2Fv2%2Fmedia&parent=189115"}],"wp:term":[{"taxonomy":"category","embeddable":true,"href":"https:\/\/diarioregionaldigital.com.br\/index.php?rest_route=%2Fwp%2Fv2%2Fcategories&post=189115"},{"taxonomy":"post_tag","embeddable":true,"href":"https:\/\/diarioregionaldigital.com.br\/index.php?rest_route=%2Fwp%2Fv2%2Ftags&post=189115"}],"curies":[{"name":"wp","href":"https:\/\/api.w.org\/{rel}","templated":true}]}}