{"id":189112,"date":"2021-10-01T15:14:28","date_gmt":"2021-10-01T18:14:28","guid":{"rendered":"https:\/\/diarioregionaldigital.com.br\/?p=189112"},"modified":"2021-10-01T15:14:28","modified_gmt":"2021-10-01T18:14:28","slug":"der-mg-faz-balanco-das-acoes-da-semana-nacional-de-transito-no-interior-do-estado","status":"publish","type":"post","link":"https:\/\/diarioregionaldigital.com.br\/?p=189112","title":{"rendered":"DER-MG faz balan\u00e7o das a\u00e7\u00f5es da Semana Nacional de Tr\u00e2nsito no interior do estado"},"content":{"rendered":"<p>As unidades regionais do\u00a0<a href=\"http:\/\/www.der.mg.gov.br\/\" target=\"_blank\" rel=\"noopener\">Departamento de Edifica\u00e7\u00f5es e Estradas de Rodagem de Minas Gerais (DER-MG)<\/a>, no interior do estado, realizaram uma s\u00e9rie de a\u00e7\u00f5es educativas durante a Semana Nacional de Tr\u00e2nsito (18 a 25\/9). Balan\u00e7o divulgado pela\u00a0Ger\u00eancia de Educa\u00e7\u00e3o para o Tr\u00e2nsito indica que, no per\u00edodo,\u00a0cerca de 25 mil pessoas receberam orienta\u00e7\u00f5es, com distribui\u00e7\u00e3o de aproximadamente 15 mil panfletos e seis mil adesivos.<\/p>\n<p>Palestras, blitzen educativas e atividades l\u00fadicas com crian\u00e7as foram algumas das a\u00e7\u00f5es\u00a0para alertar a popula\u00e7\u00e3o sobre a import\u00e2ncia da aten\u00e7\u00e3o e do respeito no tr\u00e2nsito e a responsabilidade de cada um na redu\u00e7\u00e3o de acidentes.<\/p>\n<p>&#8220;Em raz\u00e3o da pandemia, adotamos como estrat\u00e9gia a forma\u00e7\u00e3o e fortalecimento das parcerias com institui\u00e7\u00f5es p\u00fablicas e privadas, bem como a utiliza\u00e7\u00e3o das m\u00eddias sociais, que propiciaram levar a mensagem educativa para um maior n\u00famero de pessoas, resultando no sucesso da campanha. Acredito que se a mensagem trabalhada salvar ao menos uma vida, ela j\u00e1 ter\u00e1 valido a pena&#8221;, avalia a gerente de Educa\u00e7\u00e3o para o Tr\u00e2nsito do DER-MG, Rosely Fantoni.<\/p>\n<p><strong>Pelo estado<\/strong><\/p>\n<p>Em Governador Valadares, na regi\u00e3o do Rio Doce,\u00a0as a\u00e7\u00f5es se concentraram na rodovi\u00e1ria do munic\u00edpio, com a distribui\u00e7\u00e3o de material e realiza\u00e7\u00e3o de atividade voltadas para as crian\u00e7as. Muitas crian\u00e7as passaram pelo estande\u00a0montado no local, atra\u00eddas pela possibilidade de aprender brincando, colorindo e desenhando sobre os cuidados no tr\u00e2nsito.<\/p>\n<p>Pr\u00f3ximo a Patos de Minas, regi\u00e3o do Alto Parana\u00edba, a equipe do DER-MG realizou um ped\u00e1gio consciente com apoio da Pol\u00edcia Rodovi\u00e1ria Estadual, Sest e Senat, no km 17 da MGC-354. No local, foram distribu\u00eddos panfletos e adesivos sobre a import\u00e2ncia do uso de cinto de seguran\u00e7a. J\u00e1 no\u00a0Centro-Oeste mineiro, pr\u00f3ximo a Oliveira, os motoristas foram abordados em blitz educativa na BR-494, no km\u00a0104.<\/p>\n<p>O trabalho de orienta\u00e7\u00e3o em Espera Feliz, na Zona da Mata, focou na distribui\u00e7\u00e3o de panfletos, adesivos e de material cedido pela\u00a0<a href=\"http:\/\/www.policiamilitar.mg.gov.br\/\" target=\"_blank\" rel=\"noopener\">Pol\u00edcia Militar<\/a>\u00a0e pelo Conselho de Psicologia, o Consep. Motoristas e motociclistas foram abordados e orientados sobre os cuidados nas vias e na condu\u00e7\u00e3o dos ve\u00edculos.<\/p>\n<p>Em Manhumirim, no Leste do estado, a a\u00e7\u00e3o educativa foi realizada na rodovi\u00e1ria. Os passageiros receberam orienta\u00e7\u00e3o sobre o uso correto e a import\u00e2ncia do cinto de seguran\u00e7a.<\/p>\n<p>Pr\u00f3ximo a Te\u00f3filo Otoni (Jequitinhonha\/Mucuri), as a\u00e7\u00f5es da Semana Nacional do Tr\u00e2nsito come\u00e7aram com um comando educativo na MGC-418 e se estenderam com outras atividades voltadas para as escolas.<\/p>\n<p>J\u00e1\u00a0em Uberl\u00e2ndia, no Tri\u00e2ngulo, motoristas e passageiros foram abordados dentro dos \u00f4nibus sobre as boas condutas, ressaltando que tr\u00e2nsito seguro \u00e9 uma quest\u00e3o de atitude. As a\u00e7\u00f5es se concentraram no terminal de passageiros do munic\u00edpio.<\/p>\n<p>Em Arinos, na regi\u00e3o Noroeste de Minas, as atividades foram realizadas na rodovi\u00e1ria, com a orienta\u00e7\u00e3o sobre o uso do cinto de seguran\u00e7a, e em escolas da regi\u00e3o, com a demonstra\u00e7\u00e3o aos alunos a forma correta de travessia da faixa de pedestre.<\/p>\n<p>Na regi\u00e3o do Vale do Jequitinhonha, destaque para as a\u00e7\u00f5es em Diamantina, com o comando educativo na CMG- 367, KM 546. J\u00e1 em Barbacena, al\u00e9m da realiza\u00e7\u00e3o de blitz educativa na MGC-383, em parceria com a Pol\u00edcia Rodovi\u00e1ria Estadual, a equipe do DER-MG estendeu as atividades em outras frentes com a entrega de panfletos e adesivos para alunos da regi\u00e3o.<\/p>\n<p><span style=\"font-weight: 400;\">Fonte: Ag\u00eancia Minas<\/span><span style=\"font-weight: 400;\"><br \/>\n<\/span><\/p>\n","protected":false},"excerpt":{"rendered":"<p>As unidades regionais do\u00a0Departamento de Edifica\u00e7\u00f5es e Estradas de Rodagem de Minas Gerais (DER-MG), no interior do estado, realizaram uma s\u00e9rie de a\u00e7\u00f5es educativas durante a Semana Nacional de Tr\u00e2nsito (18 a 25\/9). Balan\u00e7o divulgado pela\u00a0Ger\u00eancia de Educa\u00e7\u00e3o para o Tr\u00e2nsito indica que, no per\u00edodo,\u00a0cerca de 25 mil pessoas receberam orienta\u00e7\u00f5es, com distribui\u00e7\u00e3o de aproximadamente [&hellip;]<\/p>\n","protected":false},"author":246,"featured_media":189113,"comment_status":"closed","ping_status":"closed","sticky":false,"template":"","format":"standard","meta":{"footnotes":""},"categories":[436,254],"tags":[],"class_list":["post-189112","post","type-post","status-publish","format-standard","has-post-thumbnail","hentry","category-destaque-da-semana","category-politica"],"_links":{"self":[{"href":"https:\/\/diarioregionaldigital.com.br\/index.php?rest_route=\/wp\/v2\/posts\/189112","targetHints":{"allow":["GET"]}}],"collection":[{"href":"https:\/\/diarioregionaldigital.com.br\/index.php?rest_route=\/wp\/v2\/posts"}],"about":[{"href":"https:\/\/diarioregionaldigital.com.br\/index.php?rest_route=\/wp\/v2\/types\/post"}],"author":[{"embeddable":true,"href":"https:\/\/diarioregionaldigital.com.br\/index.php?rest_route=\/wp\/v2\/users\/246"}],"replies":[{"embeddable":true,"href":"https:\/\/diarioregionaldigital.com.br\/index.php?rest_route=%2Fwp%2Fv2%2Fcomments&post=189112"}],"version-history":[{"count":1,"href":"https:\/\/diarioregionaldigital.com.br\/index.php?rest_route=\/wp\/v2\/posts\/189112\/revisions"}],"predecessor-version":[{"id":189114,"href":"https:\/\/diarioregionaldigital.com.br\/index.php?rest_route=\/wp\/v2\/posts\/189112\/revisions\/189114"}],"wp:featuredmedia":[{"embeddable":true,"href":"https:\/\/diarioregionaldigital.com.br\/index.php?rest_route=\/wp\/v2\/media\/189113"}],"wp:attachment":[{"href":"https:\/\/diarioregionaldigital.com.br\/index.php?rest_route=%2Fwp%2Fv2%2Fmedia&parent=189112"}],"wp:term":[{"taxonomy":"category","embeddable":true,"href":"https:\/\/diarioregionaldigital.com.br\/index.php?rest_route=%2Fwp%2Fv2%2Fcategories&post=189112"},{"taxonomy":"post_tag","embeddable":true,"href":"https:\/\/diarioregionaldigital.com.br\/index.php?rest_route=%2Fwp%2Fv2%2Ftags&post=189112"}],"curies":[{"name":"wp","href":"https:\/\/api.w.org\/{rel}","templated":true}]}}