{"id":189109,"date":"2021-10-01T15:11:55","date_gmt":"2021-10-01T18:11:55","guid":{"rendered":"https:\/\/diarioregionaldigital.com.br\/?p=189109"},"modified":"2021-10-01T15:11:55","modified_gmt":"2021-10-01T18:11:55","slug":"governo-vai-repassar-r-799-mi-a-municipios-que-aderirem-ao-vigiminas","status":"publish","type":"post","link":"https:\/\/diarioregionaldigital.com.br\/?p=189109","title":{"rendered":"Governo vai repassar R$ 79,9 mi a munic\u00edpios que aderirem ao VigiMinas"},"content":{"rendered":"<p>O\u00a0<a href=\"http:\/\/www.mg.gov.br\/\" target=\"_blank\" rel=\"noopener\">Governo do Estado<\/a>\u00a0pretende implantar, no pr\u00f3ximo ano, em desenvolvimento conjunto com os munic\u00edpios, o Sistema de Vigil\u00e2ncia em Sa\u00fade de Minas Gerais. O an\u00fancio foi feito pela\u00a0<a href=\"http:\/\/www.saude.mg.gov.br\/\" target=\"_blank\" rel=\"noopener\">Secretaria de Estado de Sa\u00fade (SES-MG)<\/a>\u00a0em reuni\u00e3o com todas as 28 Unidades Regionais de Sa\u00fade (URSs) para alinhamento de diretrizes e estrat\u00e9gias e elabora\u00e7\u00e3o do planejamento das a\u00e7\u00f5es para 2022.\u00a0A pol\u00edtica prev\u00ea o repasse de R$ 79,9 milh\u00f5es \u00e0s cidades que aderirem ao VigiMinas at\u00e9 8\/10.<\/p>\n<p>O projeto tem como objetivo fortalecer o Sistema de Vigil\u00e2ncia em Sa\u00fade, al\u00e9m da operacionaliza\u00e7\u00e3o e efici\u00eancia das a\u00e7\u00f5es de vigil\u00e2ncia sanit\u00e1ria, epidemiol\u00f3gica, ambiental e sa\u00fade do trabalhador.<\/p>\n<p><strong>Funcionamento<\/strong><\/p>\n<p>O VigiMinas est\u00e1\u00a0estruturado em quatro etapas: diagn\u00f3stico local; desenvolvimento\u00a0do Sistema;\u00a0entrega dos planos de a\u00e7\u00f5es municipais;\u00a0e sua execu\u00e7\u00e3o.<\/p>\n<p>Os munic\u00edpios ter\u00e3o dois anos para executar o recurso com despesas de custeio, como aquisi\u00e7\u00e3o de insumos, material de consumo e amplia\u00e7\u00e3o das equipes com a contrata\u00e7\u00e3o de profissionais de sa\u00fade. O recurso tamb\u00e9m pode ser aplicado para a compra de equipamentos e materiais permanentes para a estrutura\u00e7\u00e3o da Vigil\u00e2ncia em Sa\u00fade.<\/p>\n<p>O c\u00e1lculo do incentivo financeiro foi realizado considerando tanto o porte populacional quanto a extens\u00e3o territorial dos munic\u00edpios, como previsto na Resolu\u00e7\u00e3o n\u00ba 7.734 de 22\/9\/2021.<\/p>\n<p>Para a implanta\u00e7\u00e3o do programa, a articula\u00e7\u00e3o das URSs com os munic\u00edpios \u00e9 fundamental, como destacou\u00a0a chefe de gabinete da SES-MG, Luiza Hermeto, no primeiro dos dois dias (29 e 30\/9)\u00a0do\u00a0Encontro de\u00a0coordenadores das Vigil\u00e2ncias em Sa\u00fade, Epidemiol\u00f3gica e Sanit\u00e1ria das Regionais de Sa\u00fade, promovido pela\u00a0Subsecretaria de Vigil\u00e2ncia em Sa\u00fade da SES-MG<\/p>\n<p>\u201cSer\u00e1 muito importante o empenho e o trabalho das Regionais em conjunto com o n\u00edvel central da Secretaria. Temos pol\u00edticas importantes para serem executadas, que j\u00e1 s\u00e3o do dia a dia, mas temos novas tamb\u00e9m, como o VigiMinas, e uma s\u00e9rie de outras\u201d, afirma Luiza.<\/p>\n<p>Temas como a import\u00e2ncia e o papel das autoridades sanit\u00e1rias no estado, status de implanta\u00e7\u00e3o do Centro de Refer\u00eancia de Imunobiol\u00f3gicos Especiais (Crie) e do Servi\u00e7o de Verifica\u00e7\u00e3o do \u00d3bito (SVO) tamb\u00e9m foram discutidos pelos participantes.<\/p>\n<p>Segundo a subsecret\u00e1ria de Vigil\u00e2ncia em Sa\u00fade, Jana\u00edna Passos de Paula, durante a reuni\u00e3o foram discutidas, ainda, as a\u00e7\u00f5es realizadas em 2021, \u201ctendo em vista que a Vigil\u00e2ncia \u00e9 uma \u00e1rea fundamental de enfrentamento da pandemia e, al\u00e9m disso, \u00e9 uma \u00e1rea que tamb\u00e9m tem enfrentado emerg\u00eancias de outras doen\u00e7as e agravos de import\u00e2ncia na sa\u00fade p\u00fablica do nosso estado\u201d.<\/p>\n<p><strong>Legado<\/strong><\/p>\n<p>Como um dos legados das a\u00e7\u00f5es do Governo de Minas no enfrentamento \u00e0 pandemia, a SES-MG analisa a\u00a0reestrutura\u00e7\u00e3o\u00a0e amplia\u00e7\u00e3o da rede de laborat\u00f3rios, para que eles atuem em emerg\u00eancias em sa\u00fade p\u00fablica, e mantenham\u00a0a descentraliza\u00e7\u00e3o dos testes de covid, por meio do diagn\u00f3stico molecular. Com a RedeLab Covid-19, a testagem foi fundamental para confirmar os casos suspeitos e mitigar os efeitos da pandemia, como pontua a coordenadora de Laborat\u00f3rios e Pesquisa em Vigil\u00e2ncia, Jaqueline Oliveira.<\/p>\n<p>&#8220;Al\u00e9m da covid-19, a Secretaria estuda ampliar os testes para o diagn\u00f3stico de arboviroses, como dengue, chikungunya, zika e febre amarela; doen\u00e7as respirat\u00f3rias; febres hemorr\u00e1gicas; meningoencefalite viral e viroses emergentes\u201d, informou.<\/p>\n<p>A Sala de Situa\u00e7\u00e3o \u00e9\u00a0outro exemplo de experi\u00eancia regionalizada bem-sucedida, que foi institucionalizada na SES-MG em abril de 2020. Em decorr\u00eancia da pandemia, foi estruturada uma equipe multidisciplinar de profissionais da Sa\u00fade,\u00a0<a href=\"http:\/\/www.bombeiros.mg.gov.br\/\" target=\"_blank\" rel=\"noopener\">Corpo de Bombeiros<\/a>\u00a0e Organiza\u00e7\u00e3o Pan-Americana de Sa\u00fade (Opas) que, juntos, realizam an\u00e1lises de dados para a tomada de decis\u00e3o da gest\u00e3o.<\/p>\n<p>\u201cUma Sala de Situa\u00e7\u00e3o \u00e9, basicamente, uma estrutura que usa a informa\u00e7\u00e3o como ferramenta para tomada de decis\u00e3o. \u00c9 uma ideia que surgiu das antigas salas de crise de guerras e tem sido implementa\u00a0nos governos para embasar as decis\u00f5es tomadas. E, na Sa\u00fade, isso \u00e9 muito importante, considerando que a gente precisa tomar decis\u00f5es acertadas para salvar vidas\u201d, avalia a coordenadora da Sala de Situa\u00e7\u00e3o da SES-MG, Maria Laura Scapolatempore Starling.<\/p>\n<p>J\u00e1 o Grupo de An\u00e1lise e Monitoramento da Vacina\u00e7\u00e3o (Gamov), implantado em julho deste ano, possibilita a discuss\u00e3o integrada entre os setores envolvidos na vacina\u00e7\u00e3o, tanto das Unidades Regionais de Sa\u00fade como do n\u00edvel central da SES-MG. O objetivo principal do Gamov, detalha a coordenadora Jana\u00edna Fonseca, \u00e9 realizar a an\u00e1lise e o monitoramento da vacina\u00e7\u00e3o, especialmente a vacina\u00e7\u00e3o contra covid-19 para proposi\u00e7\u00e3o de a\u00e7\u00f5es.<\/p>\n<p>\u201cO Gamov faz uma an\u00e1lise cr\u00edtica da situa\u00e7\u00e3o em sa\u00fade e tem como objetivo simplificar processos e priorizar munic\u00edpios cr\u00edticos. No \u00e2mbito local, as Unidades Regionais de Sa\u00fade e o N\u00edvel Central conseguem priorizar munic\u00edpios mais cr\u00edticos para apoio e sugest\u00f5es de melhorias nos processos de trabalhos\u201d, explica.<\/p>\n<p>Durante o evento da Subsecretaria de Vigil\u00e2ncia em Sa\u00fade da SES-MG tamb\u00e9m foram discutidos os instrumentos de planejamento e or\u00e7amento, os projetos relacionados \u00e0s trag\u00e9dias\u00a0de Mariana e Brumadinho, o plano de enfrentamento ao per\u00edodo chuvoso, de seca e estiagem e as atividades do N\u00facleo de Pesquisa e Inova\u00e7\u00e3o em Doen\u00e7as Infecciosas e Emergentes e Re-Emergentes.<\/p>\n<p><span style=\"font-weight: 400;\">Fonte: Ag\u00eancia Minas<\/span><\/p>\n","protected":false},"excerpt":{"rendered":"<p>O\u00a0Governo do Estado\u00a0pretende implantar, no pr\u00f3ximo ano, em desenvolvimento conjunto com os munic\u00edpios, o Sistema de Vigil\u00e2ncia em Sa\u00fade de Minas Gerais. O an\u00fancio foi feito pela\u00a0Secretaria de Estado de Sa\u00fade (SES-MG)\u00a0em reuni\u00e3o com todas as 28 Unidades Regionais de Sa\u00fade (URSs) para alinhamento de diretrizes e estrat\u00e9gias e elabora\u00e7\u00e3o do planejamento das a\u00e7\u00f5es para [&hellip;]<\/p>\n","protected":false},"author":246,"featured_media":189110,"comment_status":"closed","ping_status":"closed","sticky":false,"template":"","format":"standard","meta":{"footnotes":""},"categories":[436,254],"tags":[],"class_list":["post-189109","post","type-post","status-publish","format-standard","has-post-thumbnail","hentry","category-destaque-da-semana","category-politica"],"_links":{"self":[{"href":"https:\/\/diarioregionaldigital.com.br\/index.php?rest_route=\/wp\/v2\/posts\/189109","targetHints":{"allow":["GET"]}}],"collection":[{"href":"https:\/\/diarioregionaldigital.com.br\/index.php?rest_route=\/wp\/v2\/posts"}],"about":[{"href":"https:\/\/diarioregionaldigital.com.br\/index.php?rest_route=\/wp\/v2\/types\/post"}],"author":[{"embeddable":true,"href":"https:\/\/diarioregionaldigital.com.br\/index.php?rest_route=\/wp\/v2\/users\/246"}],"replies":[{"embeddable":true,"href":"https:\/\/diarioregionaldigital.com.br\/index.php?rest_route=%2Fwp%2Fv2%2Fcomments&post=189109"}],"version-history":[{"count":1,"href":"https:\/\/diarioregionaldigital.com.br\/index.php?rest_route=\/wp\/v2\/posts\/189109\/revisions"}],"predecessor-version":[{"id":189111,"href":"https:\/\/diarioregionaldigital.com.br\/index.php?rest_route=\/wp\/v2\/posts\/189109\/revisions\/189111"}],"wp:featuredmedia":[{"embeddable":true,"href":"https:\/\/diarioregionaldigital.com.br\/index.php?rest_route=\/wp\/v2\/media\/189110"}],"wp:attachment":[{"href":"https:\/\/diarioregionaldigital.com.br\/index.php?rest_route=%2Fwp%2Fv2%2Fmedia&parent=189109"}],"wp:term":[{"taxonomy":"category","embeddable":true,"href":"https:\/\/diarioregionaldigital.com.br\/index.php?rest_route=%2Fwp%2Fv2%2Fcategories&post=189109"},{"taxonomy":"post_tag","embeddable":true,"href":"https:\/\/diarioregionaldigital.com.br\/index.php?rest_route=%2Fwp%2Fv2%2Ftags&post=189109"}],"curies":[{"name":"wp","href":"https:\/\/api.w.org\/{rel}","templated":true}]}}