{"id":189100,"date":"2021-10-01T14:55:58","date_gmt":"2021-10-01T17:55:58","guid":{"rendered":"https:\/\/diarioregionaldigital.com.br\/?p=189100"},"modified":"2021-10-01T14:55:58","modified_gmt":"2021-10-01T17:55:58","slug":"confianca-empresarial-cai-25-pontos-em-setembro-diz-fgv","status":"publish","type":"post","link":"https:\/\/diarioregionaldigital.com.br\/?p=189100","title":{"rendered":"Confian\u00e7a empresarial cai 2,5 pontos em setembro, diz FGV"},"content":{"rendered":"<p>O \u00cdndice de Confian\u00e7a Empresarial (ICE) calculado pelo Instituto Brasileiro de Economia da Funda\u00e7\u00e3o Getulio Vargas (Ibre\/FGV) apresentou queda de 2,5 pontos em setembro, passando para 99,9 pontos. O resultado interrompeu a sequ\u00eancia de altas que come\u00e7ou em abril deste ano. De acordo com o Ibre, em m\u00e9dias m\u00f3veis trimestrais, o indicador manteve tend\u00eancia de alta ao avan\u00e7ar 0,4 ponto.<img decoding=\"async\" src=\"https:\/\/agenciabrasil.ebc.com.br\/ebc.png?id=1423161&amp;o=node\" \/><img decoding=\"async\" src=\"https:\/\/agenciabrasil.ebc.com.br\/ebc.gif?id=1423161&amp;o=node\" \/><\/p>\n<p>Para o superintendente de estat\u00edsticas do instituto, Aloisio Campelo Junior, apesar de ser a primeira queda desde mar\u00e7o de 2021, a evolu\u00e7\u00e3o da confian\u00e7a empresarial em setembro preocupa por causa da piora das expectativas, que deixam de ser otimistas e passam a neutras.<\/p>\n<p>\u201cO quadro de crescimento econ\u00f4mico moderado se mant\u00e9m neste final de terceiro trimestre mas surgem, no radar empresarial, os riscos de uma crise energ\u00e9tica, uma poss\u00edvel desacelera\u00e7\u00e3o da economia chinesa e o impacto da alta gradual dos juros no consumo interno\u201d, avaliou Campelo.<\/p>\n<p>Para o instituto, a piora da avalia\u00e7\u00e3o sobre a situa\u00e7\u00e3o corrente e das expectativas para os pr\u00f3ximos meses, foram os motivos que levaram \u00e0 queda da confian\u00e7a dos empres\u00e1rios. O \u00cdndice de Situa\u00e7\u00e3o Atual Empresarial (ISA-E) recuou 1,2 ponto, e ficou em 99,3 pontos e o \u00cdndice de Expectativas (IE-E) caiu 3,8 pontos, para 99,9 pontos.<\/p>\n<p>O ICE consolida os \u00edndices de confian\u00e7a dos quatro setores avaliados pelas Sondagens Empresariais produzidas pela FGV IBRE, que s\u00e3o ind\u00fastria, servi\u00e7os, com\u00e9rcio e constru\u00e7\u00e3o. Dentre os setores, apenas a confian\u00e7a da constru\u00e7\u00e3o, que teve alta de 0,1 ponto, n\u00e3o apresentou queda em setembro.<\/p>\n<p>O maior recuo foi da confian\u00e7a do\u00a0<a href=\"https:\/\/agenciabrasil.ebc.com.br\/economia\/noticia\/2021-09\/confianca-do-comercio-recua-68-pontos-e-atinge-menor-nivel-desde-maio\" target=\"_blank\" rel=\"noopener\">com\u00e9rcio (-6,8 pontos)<\/a>, seguido por\u00a0<a href=\"https:\/\/agenciabrasil.ebc.com.br\/economia\/noticia\/2021-09\/confianca-do-setor-de-servicos-recua-e-interrompe-sequencia-de-cinco\" target=\"_blank\" rel=\"noopener\">servi\u00e7os (-2 pontos)<\/a>\u00a0e\u00a0<a href=\"https:\/\/agenciabrasil.ebc.com.br\/economia\/noticia\/2021-09\/fgv-confianca-da-industria-registra-segunda-queda-seguida\" target=\"_blank\" rel=\"noopener\">ind\u00fastria (-0,6 ponto)<\/a>. Segundo os pesquisadores, em todos os segmentos, os movimentos da confian\u00e7a foram determinados principalmente pela piora das expectativas em rela\u00e7\u00e3o aos pr\u00f3ximos meses.<\/p>\n<p><strong>Difus\u00e3o da Confian\u00e7a<\/strong><\/p>\n<p>Os resultados de setembro indicam ainda que a confian\u00e7a empresarial aumentou em 33% dos 49 segmentos integrantes do ICE. Isso representa queda da dissemina\u00e7\u00e3o, na compara\u00e7\u00e3o com os 53% do m\u00eas passado. O destaque ficou com o Com\u00e9rcio, que n\u00e3o registrou alta da confian\u00e7a em nenhum dos segmentos.<\/p>\n<p><span style=\"font-weight: 400;\">Fonte: Ag\u00eancia Brasil <\/span><\/p>\n","protected":false},"excerpt":{"rendered":"<p>O \u00cdndice de Confian\u00e7a Empresarial (ICE) calculado pelo Instituto Brasileiro de Economia da Funda\u00e7\u00e3o Getulio Vargas (Ibre\/FGV) apresentou queda de 2,5 pontos em setembro, passando para 99,9 pontos. O resultado interrompeu a sequ\u00eancia de altas que come\u00e7ou em abril deste ano. De acordo com o Ibre, em m\u00e9dias m\u00f3veis trimestrais, o indicador manteve tend\u00eancia de [&hellip;]<\/p>\n","protected":false},"author":246,"featured_media":189101,"comment_status":"closed","ping_status":"closed","sticky":false,"template":"","format":"standard","meta":{"footnotes":""},"categories":[436,261],"tags":[],"class_list":["post-189100","post","type-post","status-publish","format-standard","has-post-thumbnail","hentry","category-destaque-da-semana","category-economia"],"_links":{"self":[{"href":"https:\/\/diarioregionaldigital.com.br\/index.php?rest_route=\/wp\/v2\/posts\/189100","targetHints":{"allow":["GET"]}}],"collection":[{"href":"https:\/\/diarioregionaldigital.com.br\/index.php?rest_route=\/wp\/v2\/posts"}],"about":[{"href":"https:\/\/diarioregionaldigital.com.br\/index.php?rest_route=\/wp\/v2\/types\/post"}],"author":[{"embeddable":true,"href":"https:\/\/diarioregionaldigital.com.br\/index.php?rest_route=\/wp\/v2\/users\/246"}],"replies":[{"embeddable":true,"href":"https:\/\/diarioregionaldigital.com.br\/index.php?rest_route=%2Fwp%2Fv2%2Fcomments&post=189100"}],"version-history":[{"count":1,"href":"https:\/\/diarioregionaldigital.com.br\/index.php?rest_route=\/wp\/v2\/posts\/189100\/revisions"}],"predecessor-version":[{"id":189102,"href":"https:\/\/diarioregionaldigital.com.br\/index.php?rest_route=\/wp\/v2\/posts\/189100\/revisions\/189102"}],"wp:featuredmedia":[{"embeddable":true,"href":"https:\/\/diarioregionaldigital.com.br\/index.php?rest_route=\/wp\/v2\/media\/189101"}],"wp:attachment":[{"href":"https:\/\/diarioregionaldigital.com.br\/index.php?rest_route=%2Fwp%2Fv2%2Fmedia&parent=189100"}],"wp:term":[{"taxonomy":"category","embeddable":true,"href":"https:\/\/diarioregionaldigital.com.br\/index.php?rest_route=%2Fwp%2Fv2%2Fcategories&post=189100"},{"taxonomy":"post_tag","embeddable":true,"href":"https:\/\/diarioregionaldigital.com.br\/index.php?rest_route=%2Fwp%2Fv2%2Ftags&post=189100"}],"curies":[{"name":"wp","href":"https:\/\/api.w.org\/{rel}","templated":true}]}}