{"id":189097,"date":"2021-10-01T14:52:15","date_gmt":"2021-10-01T17:52:15","guid":{"rendered":"https:\/\/diarioregionaldigital.com.br\/?p=189097"},"modified":"2021-10-01T14:52:15","modified_gmt":"2021-10-01T17:52:15","slug":"inflacao-pelo-ipc-s-registra-alta-de-143-na-quarta-quadrissemana","status":"publish","type":"post","link":"https:\/\/diarioregionaldigital.com.br\/?p=189097","title":{"rendered":"Infla\u00e7\u00e3o pelo IPC-S registra alta de 1,43% na quarta quadrissemana"},"content":{"rendered":"<p>A infla\u00e7\u00e3o medida pelo \u00cdndice de Pre\u00e7os ao Consumidor Semanal (IPC-S) da quarta quadrissemana de setembro registrou alta de 1,43% e acumula eleva\u00e7\u00e3o de 9,61% nos \u00faltimos 12 meses. Os dados foram divulgados, hoje (1\u00ba), pelo Instituto Brasileiro de Economia da Funda\u00e7\u00e3o Getulio Vargas (Ibre\/FGV).<img decoding=\"async\" src=\"https:\/\/agenciabrasil.ebc.com.br\/ebc.png?id=1423184&amp;o=node\" \/><img decoding=\"async\" src=\"https:\/\/agenciabrasil.ebc.com.br\/ebc.gif?id=1423184&amp;o=node\" \/><\/p>\n<p>As taxas avan\u00e7aram em cinco das oito classes de despesa componentes do indicador. O grupo habita\u00e7\u00e3o representou a maior contribui\u00e7\u00e3o para resultado do IPC-S passando de 2,15% na terceira quadrissemana do m\u00eas para 2,59% na quarta quadrissemana. De acordo com o Ibre, nessa classe de despesa houve o impacto do comportamento do item tarifa de eletricidade residencial, cujo pre\u00e7o variou 8,52%, ante 6,27% na edi\u00e7\u00e3o anterior do \u00edndice.<\/p>\n<p>Outras altas nas taxas de varia\u00e7\u00e3o dos grupos foram notadas na educa\u00e7\u00e3o, leitura e recrea\u00e7\u00e3o que saiu de 2,25% para 2,90%; transportes, de 1,32% para 1,50%; comunica\u00e7\u00e3o, de 0,21% para 0,39%, e despesas diversas passando de 0,29% para 0,30%.<\/p>\n<p>\u201cNessas classes de despesa, vale destacar o comportamento dos itens: passagem a\u00e9rea (17,61% para 22,70%), gasolina (2,75% para 3,38%), combo de telefonia, internet e TV por assinatura (0,48% para 1,04%) e cigarros (0,48% para 0,58%)\u201d, informou o Ibre.<\/p>\n<p>J\u00e1 outros grupos registraram queda, como sa\u00fade e cuidados pessoais, de 0,31% para 0,14%; o vestu\u00e1rio, saindo de 0,39% para 0,28%, e alimenta\u00e7\u00e3o, de 1,13% para 1,09%. \u201cNessas classes de despesa, vale citar os itens artigos de higiene e cuidado pessoal (0,52% para -0,01%), cal\u00e7ados infantis (0% para -1,12%) e aves e ovos (4,31% para 3,81%)\u201d, informou o Ibre.<\/p>\n<p>A pr\u00f3xima apura\u00e7\u00e3o do IPC-S, com dados coletados at\u00e9 o pr\u00f3ximo dia 7, ser\u00e1 divulgada na sexta-feira (8).<\/p>\n<p><span style=\"font-weight: 400;\">Fonte: Ag\u00eancia Brasil <\/span><\/p>\n","protected":false},"excerpt":{"rendered":"<p>A infla\u00e7\u00e3o medida pelo \u00cdndice de Pre\u00e7os ao Consumidor Semanal (IPC-S) da quarta quadrissemana de setembro registrou alta de 1,43% e acumula eleva\u00e7\u00e3o de 9,61% nos \u00faltimos 12 meses. Os dados foram divulgados, hoje (1\u00ba), pelo Instituto Brasileiro de Economia da Funda\u00e7\u00e3o Getulio Vargas (Ibre\/FGV). As taxas avan\u00e7aram em cinco das oito classes de despesa [&hellip;]<\/p>\n","protected":false},"author":246,"featured_media":189098,"comment_status":"closed","ping_status":"closed","sticky":false,"template":"","format":"standard","meta":{"footnotes":""},"categories":[436,261],"tags":[],"class_list":["post-189097","post","type-post","status-publish","format-standard","has-post-thumbnail","hentry","category-destaque-da-semana","category-economia"],"_links":{"self":[{"href":"https:\/\/diarioregionaldigital.com.br\/index.php?rest_route=\/wp\/v2\/posts\/189097","targetHints":{"allow":["GET"]}}],"collection":[{"href":"https:\/\/diarioregionaldigital.com.br\/index.php?rest_route=\/wp\/v2\/posts"}],"about":[{"href":"https:\/\/diarioregionaldigital.com.br\/index.php?rest_route=\/wp\/v2\/types\/post"}],"author":[{"embeddable":true,"href":"https:\/\/diarioregionaldigital.com.br\/index.php?rest_route=\/wp\/v2\/users\/246"}],"replies":[{"embeddable":true,"href":"https:\/\/diarioregionaldigital.com.br\/index.php?rest_route=%2Fwp%2Fv2%2Fcomments&post=189097"}],"version-history":[{"count":1,"href":"https:\/\/diarioregionaldigital.com.br\/index.php?rest_route=\/wp\/v2\/posts\/189097\/revisions"}],"predecessor-version":[{"id":189099,"href":"https:\/\/diarioregionaldigital.com.br\/index.php?rest_route=\/wp\/v2\/posts\/189097\/revisions\/189099"}],"wp:featuredmedia":[{"embeddable":true,"href":"https:\/\/diarioregionaldigital.com.br\/index.php?rest_route=\/wp\/v2\/media\/189098"}],"wp:attachment":[{"href":"https:\/\/diarioregionaldigital.com.br\/index.php?rest_route=%2Fwp%2Fv2%2Fmedia&parent=189097"}],"wp:term":[{"taxonomy":"category","embeddable":true,"href":"https:\/\/diarioregionaldigital.com.br\/index.php?rest_route=%2Fwp%2Fv2%2Fcategories&post=189097"},{"taxonomy":"post_tag","embeddable":true,"href":"https:\/\/diarioregionaldigital.com.br\/index.php?rest_route=%2Fwp%2Fv2%2Ftags&post=189097"}],"curies":[{"name":"wp","href":"https:\/\/api.w.org\/{rel}","templated":true}]}}