{"id":189091,"date":"2021-10-01T14:40:53","date_gmt":"2021-10-01T17:40:53","guid":{"rendered":"https:\/\/diarioregionaldigital.com.br\/?p=189091"},"modified":"2021-10-01T14:40:53","modified_gmt":"2021-10-01T17:40:53","slug":"policia-militar-apreende-menor-infrator-e-drogas-no-bairro-jk","status":"publish","type":"post","link":"https:\/\/diarioregionaldigital.com.br\/?p=189091","title":{"rendered":"Pol\u00edcia Militar apreende menor infrator e drogas no bairro JK"},"content":{"rendered":"<p>Na noite de quinta-feira, 30set21 por volta das 21h53min, durante patrulhamento da Pol\u00edcia Militar na Rua Natalino Jos\u00e9 de Paula no bairro JK, um suspeito foi abordado ap\u00f3s arremessar uma sacola ao solo ao perceber a presen\u00e7a policial. Realizadas as buscas, na sacola dispensada foram encontrados todo material apreendido: 27 buchas de maconha, 01 barra prensada de maconha, 02 tabletes de maconha, 67 pinos de coca\u00edna, R$ 132,00 em dinheiro, 01 balan\u00e7a de precis\u00e3o e 03 pedras de crack. O menor infrator de 16 anos foi apreendido e conduzido \u00e0 Delegacia acompanhado pelo respons\u00e1vel legal.<\/p>\n","protected":false},"excerpt":{"rendered":"<p>Na noite de quinta-feira, 30set21 por volta das 21h53min, durante patrulhamento da Pol\u00edcia Militar na Rua Natalino Jos\u00e9 de Paula no bairro JK, um suspeito foi abordado ap\u00f3s arremessar uma sacola ao solo ao perceber a presen\u00e7a policial. Realizadas as buscas, na sacola dispensada foram encontrados todo material apreendido: 27 buchas de maconha, 01 barra [&hellip;]<\/p>\n","protected":false},"author":246,"featured_media":189092,"comment_status":"closed","ping_status":"closed","sticky":false,"template":"","format":"standard","meta":{"footnotes":""},"categories":[301],"tags":[],"class_list":["post-189091","post","type-post","status-publish","format-standard","has-post-thumbnail","hentry","category-artigos-policiais"],"_links":{"self":[{"href":"https:\/\/diarioregionaldigital.com.br\/index.php?rest_route=\/wp\/v2\/posts\/189091","targetHints":{"allow":["GET"]}}],"collection":[{"href":"https:\/\/diarioregionaldigital.com.br\/index.php?rest_route=\/wp\/v2\/posts"}],"about":[{"href":"https:\/\/diarioregionaldigital.com.br\/index.php?rest_route=\/wp\/v2\/types\/post"}],"author":[{"embeddable":true,"href":"https:\/\/diarioregionaldigital.com.br\/index.php?rest_route=\/wp\/v2\/users\/246"}],"replies":[{"embeddable":true,"href":"https:\/\/diarioregionaldigital.com.br\/index.php?rest_route=%2Fwp%2Fv2%2Fcomments&post=189091"}],"version-history":[{"count":1,"href":"https:\/\/diarioregionaldigital.com.br\/index.php?rest_route=\/wp\/v2\/posts\/189091\/revisions"}],"predecessor-version":[{"id":189093,"href":"https:\/\/diarioregionaldigital.com.br\/index.php?rest_route=\/wp\/v2\/posts\/189091\/revisions\/189093"}],"wp:featuredmedia":[{"embeddable":true,"href":"https:\/\/diarioregionaldigital.com.br\/index.php?rest_route=\/wp\/v2\/media\/189092"}],"wp:attachment":[{"href":"https:\/\/diarioregionaldigital.com.br\/index.php?rest_route=%2Fwp%2Fv2%2Fmedia&parent=189091"}],"wp:term":[{"taxonomy":"category","embeddable":true,"href":"https:\/\/diarioregionaldigital.com.br\/index.php?rest_route=%2Fwp%2Fv2%2Fcategories&post=189091"},{"taxonomy":"post_tag","embeddable":true,"href":"https:\/\/diarioregionaldigital.com.br\/index.php?rest_route=%2Fwp%2Fv2%2Ftags&post=189091"}],"curies":[{"name":"wp","href":"https:\/\/api.w.org\/{rel}","templated":true}]}}