{"id":189088,"date":"2021-10-01T14:29:43","date_gmt":"2021-10-01T17:29:43","guid":{"rendered":"https:\/\/diarioregionaldigital.com.br\/?p=189088"},"modified":"2021-10-01T14:29:43","modified_gmt":"2021-10-01T17:29:43","slug":"policia-militar-prende-autor-de-trafico-de-drogas-no-grajau","status":"publish","type":"post","link":"https:\/\/diarioregionaldigital.com.br\/?p=189088","title":{"rendered":"Pol\u00edcia Militar prende autor de tr\u00e1fico de drogas no Graja\u00fa"},"content":{"rendered":"<p>Na tarde de quinta-feira, 30set21 por volta das 17h54min, durante Opera\u00e7\u00e3o Batida Policial, a Pol\u00edcia Militar deslocou at\u00e9 a Rua Rosa Sfeir no bairro Graja\u00fa para verifica\u00e7\u00e3o de den\u00fancia referente ao tr\u00e1fico de drogas. No local, pr\u00f3ximo a um terreno, o suspeito foi abordado tendo sido encontrados com ele durante a busca 08 buchas de maconha e R$ 324,00 em dinheiro. Com apoio do c\u00e3o policial foram localizados e apreendidos: 02 carregadores de pistola cal. 40 e 245 buchas de maconha. O autor, um homem de 18 anos, foi preso em flagrante delito e conduzido \u00e0 Delegacia.<\/p>\n","protected":false},"excerpt":{"rendered":"<p>Na tarde de quinta-feira, 30set21 por volta das 17h54min, durante Opera\u00e7\u00e3o Batida Policial, a Pol\u00edcia Militar deslocou at\u00e9 a Rua Rosa Sfeir no bairro Graja\u00fa para verifica\u00e7\u00e3o de den\u00fancia referente ao tr\u00e1fico de drogas. No local, pr\u00f3ximo a um terreno, o suspeito foi abordado tendo sido encontrados com ele durante a busca 08 buchas de [&hellip;]<\/p>\n","protected":false},"author":246,"featured_media":189089,"comment_status":"closed","ping_status":"closed","sticky":false,"template":"","format":"standard","meta":{"footnotes":""},"categories":[301],"tags":[],"class_list":["post-189088","post","type-post","status-publish","format-standard","has-post-thumbnail","hentry","category-artigos-policiais"],"_links":{"self":[{"href":"https:\/\/diarioregionaldigital.com.br\/index.php?rest_route=\/wp\/v2\/posts\/189088","targetHints":{"allow":["GET"]}}],"collection":[{"href":"https:\/\/diarioregionaldigital.com.br\/index.php?rest_route=\/wp\/v2\/posts"}],"about":[{"href":"https:\/\/diarioregionaldigital.com.br\/index.php?rest_route=\/wp\/v2\/types\/post"}],"author":[{"embeddable":true,"href":"https:\/\/diarioregionaldigital.com.br\/index.php?rest_route=\/wp\/v2\/users\/246"}],"replies":[{"embeddable":true,"href":"https:\/\/diarioregionaldigital.com.br\/index.php?rest_route=%2Fwp%2Fv2%2Fcomments&post=189088"}],"version-history":[{"count":1,"href":"https:\/\/diarioregionaldigital.com.br\/index.php?rest_route=\/wp\/v2\/posts\/189088\/revisions"}],"predecessor-version":[{"id":189090,"href":"https:\/\/diarioregionaldigital.com.br\/index.php?rest_route=\/wp\/v2\/posts\/189088\/revisions\/189090"}],"wp:featuredmedia":[{"embeddable":true,"href":"https:\/\/diarioregionaldigital.com.br\/index.php?rest_route=\/wp\/v2\/media\/189089"}],"wp:attachment":[{"href":"https:\/\/diarioregionaldigital.com.br\/index.php?rest_route=%2Fwp%2Fv2%2Fmedia&parent=189088"}],"wp:term":[{"taxonomy":"category","embeddable":true,"href":"https:\/\/diarioregionaldigital.com.br\/index.php?rest_route=%2Fwp%2Fv2%2Fcategories&post=189088"},{"taxonomy":"post_tag","embeddable":true,"href":"https:\/\/diarioregionaldigital.com.br\/index.php?rest_route=%2Fwp%2Fv2%2Ftags&post=189088"}],"curies":[{"name":"wp","href":"https:\/\/api.w.org\/{rel}","templated":true}]}}