{"id":189079,"date":"2021-09-30T18:13:55","date_gmt":"2021-09-30T21:13:55","guid":{"rendered":"https:\/\/diarioregionaldigital.com.br\/?p=189079"},"modified":"2021-09-30T18:13:55","modified_gmt":"2021-09-30T21:13:55","slug":"tres-poetas-juiz-foranos-estao-na-maior-competicao-de-slam-do-pais","status":"publish","type":"post","link":"https:\/\/diarioregionaldigital.com.br\/?p=189079","title":{"rendered":"Tr\u00eas poetas juiz-foranos est\u00e3o na maior competi\u00e7\u00e3o de slam do pa\u00eds"},"content":{"rendered":"<p>Segundo informa\u00e7\u00f5es do site da Prefeitura de Juiz de Fora, tr\u00eas poetas de Juiz de Fora foram selecionados para o \u201cSlam BR 2021\u201d, a maior competi\u00e7\u00e3o de slam do pa\u00eds, que recebeu inscri\u00e7\u00f5es de concorrentes de 13 estados. Sophia Bispo, 16 anos, que neste ano passou a integrar a Confraria dos Poetas JF, representa o estado de Minas Gerais e a pr\u00f3pria cidade. A jovem foi sorteada para a Chave A, que acontece nesta quinta-feira, 30 de setembro, \u00e0s 18h.<\/p>\n<p>Tamb\u00e9m nesta primeira eliminat\u00f3ria est\u00e1 Laura Concei\u00e7\u00e3o, 25, representando o Estado de S\u00e3o Paulo, junto com outros cinco participantes. \u201cAcho que essa quest\u00e3o de podermos transitar entre v\u00e1rios estados, que \u00e9 uma coisa muito do on-line, \u00e9 importante para a gente mostrar e ver que os poetas juiz-foranos t\u00eam uma pot\u00eancia muito forte. Juiz de Fora tem uma presen\u00e7a importante na poesia falada, e \u00e9 muito legal ver que esse reconhecimento vem tamb\u00e9m por outros estados\u201d. Para representar os paulistas, Laura venceu uma copa do \u201cZap Slam\u201d &#8211; primeiro slam do Brasil -, realizado em parceria com a Biblioteca de S\u00e3o Paulo. Em seguida, venceu a final anual tamb\u00e9m do \u201cZap Slam\u201d, que a levou ao \u201cCampeonato Paulista de Poesia Falada\u201d. Neste \u00faltimo, com a poesia \u201cEspelho\u201d, sobre amor-pr\u00f3prio, Laura ficou em terceiro lugar.<\/p>\n<p>Dando continuidade \u00e0 competi\u00e7\u00e3o nacional, nesta sexta, 1\u00ba de outubro, das 18h \u00e0s 20h, acontece a terceira eliminat\u00f3ria, com a Chave C, na qual o juiz-forano Yhoung S.M.O.K.E, 21, representa o Rio de Janeiro. Ele tamb\u00e9m fala sobre como chegou a ser reconhecido pelo estado vizinho, neste ano em que passou por v\u00e1rias competi\u00e7\u00f5es, com poesias focadas em pautas raciais, antifascistas e em defesa do movimento hip-hop e das universidades p\u00fablicas, uma vez que \u00e9 tamb\u00e9m estudante da Universidade Federal de Juiz de Fora (UFJF).<\/p>\n<p>\u201cEu me sinto muito bem, principalmente pelo fato de que a galera do Rio me abra\u00e7ou, n\u00e3o me tratou como um estrangeiro, n\u00e3o houve quest\u00e3o de xenofobia ou bairrismo. Fiquei muito feliz pelo meu desempenho, pois fui vice-campe\u00e3o l\u00e1 no Rio, representando o \u201cSlam N\u00f3s da Rua\u201d. Estar representando o \u201cSlam RJ\u201d no Nacional, \u00e9 o degrau mais alto que um poeta marginal pode ocupar no meio do Slam,\u201d declara Yhoung S.M.O.K.E.<\/p>\n<p>Sophia Bispo conta como est\u00e1 ansiosa para o concurso, j\u00e1 que \u00e9 a primeira vez que atinge a competi\u00e7\u00e3o de n\u00edvel nacional e at\u00e9 a do Estado. \u201cNunca tive contato com a maioria das pessoas que eu vou ver l\u00e1, ent\u00e3o, tamb\u00e9m vai ser legal para ver outras poesias, outros estilos, outras formas de declamar\u201d. Com seu estilo de poesias intimistas, a poeta j\u00e1 passou at\u00e9 mesmo por competi\u00e7\u00e3o internacional: o \u201cSlam Fixe, Uai\u201d, que, em ambiente virtual, juntou poetas de pa\u00edses lus\u00f3fonos.<\/p>\n<p>A competi\u00e7\u00e3o nacional tem quatro chaves com seis poetas, totalizando 24 competidores. Cada um leva tr\u00eas poesias pr\u00f3prias de at\u00e9 tr\u00eas minutos, sem objetos c\u00eanicos ou instrumentais. A semifinal re\u00fane os tr\u00eas melhores colocados de cada chave, que devem apresentar poesias in\u00e9ditas. Os seis primeiros colocados na semifinal v\u00e3o para a final, onde podem repetir poesias anteriores. Outras informa\u00e7\u00f5es podem ser conferidas no Instagram @slam_br (linkar: https:\/\/www.instagram.com\/slam_br\/)<\/p>\n","protected":false},"excerpt":{"rendered":"<p>Segundo informa\u00e7\u00f5es do site da Prefeitura de Juiz de Fora, tr\u00eas poetas de Juiz de Fora foram selecionados para o \u201cSlam BR 2021\u201d, a maior competi\u00e7\u00e3o de slam do pa\u00eds, que recebeu inscri\u00e7\u00f5es de concorrentes de 13 estados. Sophia Bispo, 16 anos, que neste ano passou a integrar a Confraria dos Poetas JF, representa o [&hellip;]<\/p>\n","protected":false},"author":246,"featured_media":189080,"comment_status":"closed","ping_status":"closed","sticky":false,"template":"","format":"standard","meta":{"footnotes":""},"categories":[253,436],"tags":[],"class_list":["post-189079","post","type-post","status-publish","format-standard","has-post-thumbnail","hentry","category-cidade","category-destaque-da-semana"],"_links":{"self":[{"href":"https:\/\/diarioregionaldigital.com.br\/index.php?rest_route=\/wp\/v2\/posts\/189079","targetHints":{"allow":["GET"]}}],"collection":[{"href":"https:\/\/diarioregionaldigital.com.br\/index.php?rest_route=\/wp\/v2\/posts"}],"about":[{"href":"https:\/\/diarioregionaldigital.com.br\/index.php?rest_route=\/wp\/v2\/types\/post"}],"author":[{"embeddable":true,"href":"https:\/\/diarioregionaldigital.com.br\/index.php?rest_route=\/wp\/v2\/users\/246"}],"replies":[{"embeddable":true,"href":"https:\/\/diarioregionaldigital.com.br\/index.php?rest_route=%2Fwp%2Fv2%2Fcomments&post=189079"}],"version-history":[{"count":1,"href":"https:\/\/diarioregionaldigital.com.br\/index.php?rest_route=\/wp\/v2\/posts\/189079\/revisions"}],"predecessor-version":[{"id":189081,"href":"https:\/\/diarioregionaldigital.com.br\/index.php?rest_route=\/wp\/v2\/posts\/189079\/revisions\/189081"}],"wp:featuredmedia":[{"embeddable":true,"href":"https:\/\/diarioregionaldigital.com.br\/index.php?rest_route=\/wp\/v2\/media\/189080"}],"wp:attachment":[{"href":"https:\/\/diarioregionaldigital.com.br\/index.php?rest_route=%2Fwp%2Fv2%2Fmedia&parent=189079"}],"wp:term":[{"taxonomy":"category","embeddable":true,"href":"https:\/\/diarioregionaldigital.com.br\/index.php?rest_route=%2Fwp%2Fv2%2Fcategories&post=189079"},{"taxonomy":"post_tag","embeddable":true,"href":"https:\/\/diarioregionaldigital.com.br\/index.php?rest_route=%2Fwp%2Fv2%2Ftags&post=189079"}],"curies":[{"name":"wp","href":"https:\/\/api.w.org\/{rel}","templated":true}]}}