{"id":189075,"date":"2021-09-30T18:09:15","date_gmt":"2021-09-30T21:09:15","guid":{"rendered":"https:\/\/diarioregionaldigital.com.br\/?p=189075"},"modified":"2021-09-30T18:09:15","modified_gmt":"2021-09-30T21:09:15","slug":"conselho-municipal-de-turismo-homologa-alteracao-no-plano-de-turismo","status":"publish","type":"post","link":"https:\/\/diarioregionaldigital.com.br\/?p=189075","title":{"rendered":"Conselho Municipal de Turismo homologa altera\u00e7\u00e3o no Plano de Turismo"},"content":{"rendered":"<p>Segundo informa\u00e7\u00f5es do site da Prefeitura de Juiz de Fora, oConselho Municipal de Turismo (Comtur) homologou a primeira altera\u00e7\u00e3o no Plano Municipal de Turismo, em reuni\u00e3o extraordin\u00e1ria no dia 22 de setembro. As modifica\u00e7\u00f5es foram sugeridas pela Secretaria de Estado e Cultura (Secult) com objetivo de definir cronogramas f\u00edsico e financeiro para as a\u00e7\u00f5es a serem desenvolvidas com base no plano.<\/p>\n<p>O documento \u00e9 uma ferramenta de planejamento elaborado para apoiar a condu\u00e7\u00e3o do desenvolvimento do setor e prev\u00ea objetivos e a\u00e7\u00f5es estrat\u00e9gicas a serem implementadas, geridas e monitoradas em m\u00e9dio e longo prazo.<\/p>\n<p>O Plano Municipal de Turismo foi lan\u00e7ado em 2020 e est\u00e1 dispon\u00edvel para todos os interessados que podem acess\u00e1-lo pelo\u00a0<a href=\"https:\/\/www.pjf.mg.gov.br\/turismo\/\"><b>site<\/b><\/a>\u00a0institucional da Prefeitura de Juiz de Fora.<\/p>\n<p>O processo de elabora\u00e7\u00e3o do Plano Municipal de Turismo contou com a mobiliza\u00e7\u00e3o da sociedade, por meio de reuni\u00f5es peri\u00f3dicas e sistem\u00e1ticas, que propiciaram a constru\u00e7\u00e3o coletiva e colaborativa do conte\u00fado que comp\u00f5e o documento. O plano contou com a contribui\u00e7\u00e3o das entidades da cadeia produtiva do turismo local: Comtur JF; da ent\u00e3o Secretaria de Desenvolvimento Econ\u00f4mico, Turismo e Agropecu\u00e1ria; Convention &amp; Visitors Bureau; Departamento de Turismo da Universidade Federal de Juiz de Fora (UFJF); Associa\u00e7\u00e3o Brasileira de Bares e Restaurantes Regional Zona da Mata (Abrasel); Polo Ecol\u00f3gico e Gastron\u00f4mico do Rio do Peixe e Funda\u00e7\u00e3o Cultural Alfredo Ferreira Lage (Funalfa).<\/p>\n<p>Um dos objetivos do Plano Municipal de Turismo \u00e9 difundir o turismo receptivo na cidade atrav\u00e9s da cria\u00e7\u00e3o de produtos tur\u00edsticos, por meio de roteiros, que possam ser utilizados pelos cidad\u00e3os locais e visitantes para conhecer os chamados \u201cCaminhos de Minas\u201d.<\/p>\n<p>A Secretaria de Turismo de Juiz de Fora (Setur) est\u00e1 elaborando roteiros que poder\u00e3o ser adotados pelas ag\u00eancias de turismo e viagens, entre os roteiros que ser\u00e3o disponibilizados est\u00e3o os Caminhos da Cultura (museus, arquitetura e artes), Caminhos das Cervejas Artesanais, Ruralidades, Mineiridades (gastronomia, cacha\u00e7a, ling\u00fci\u00e7a, torresmo, queijos e outros), Esportes Radicais e o circuito da Estrada Uni\u00e3o e Ind\u00fastria.<\/p>\n","protected":false},"excerpt":{"rendered":"<p>Segundo informa\u00e7\u00f5es do site da Prefeitura de Juiz de Fora, oConselho Municipal de Turismo (Comtur) homologou a primeira altera\u00e7\u00e3o no Plano Municipal de Turismo, em reuni\u00e3o extraordin\u00e1ria no dia 22 de setembro. As modifica\u00e7\u00f5es foram sugeridas pela Secretaria de Estado e Cultura (Secult) com objetivo de definir cronogramas f\u00edsico e financeiro para as a\u00e7\u00f5es a [&hellip;]<\/p>\n","protected":false},"author":246,"featured_media":189076,"comment_status":"closed","ping_status":"closed","sticky":false,"template":"","format":"standard","meta":{"footnotes":""},"categories":[253,436],"tags":[],"class_list":["post-189075","post","type-post","status-publish","format-standard","has-post-thumbnail","hentry","category-cidade","category-destaque-da-semana"],"_links":{"self":[{"href":"https:\/\/diarioregionaldigital.com.br\/index.php?rest_route=\/wp\/v2\/posts\/189075","targetHints":{"allow":["GET"]}}],"collection":[{"href":"https:\/\/diarioregionaldigital.com.br\/index.php?rest_route=\/wp\/v2\/posts"}],"about":[{"href":"https:\/\/diarioregionaldigital.com.br\/index.php?rest_route=\/wp\/v2\/types\/post"}],"author":[{"embeddable":true,"href":"https:\/\/diarioregionaldigital.com.br\/index.php?rest_route=\/wp\/v2\/users\/246"}],"replies":[{"embeddable":true,"href":"https:\/\/diarioregionaldigital.com.br\/index.php?rest_route=%2Fwp%2Fv2%2Fcomments&post=189075"}],"version-history":[{"count":2,"href":"https:\/\/diarioregionaldigital.com.br\/index.php?rest_route=\/wp\/v2\/posts\/189075\/revisions"}],"predecessor-version":[{"id":189078,"href":"https:\/\/diarioregionaldigital.com.br\/index.php?rest_route=\/wp\/v2\/posts\/189075\/revisions\/189078"}],"wp:featuredmedia":[{"embeddable":true,"href":"https:\/\/diarioregionaldigital.com.br\/index.php?rest_route=\/wp\/v2\/media\/189076"}],"wp:attachment":[{"href":"https:\/\/diarioregionaldigital.com.br\/index.php?rest_route=%2Fwp%2Fv2%2Fmedia&parent=189075"}],"wp:term":[{"taxonomy":"category","embeddable":true,"href":"https:\/\/diarioregionaldigital.com.br\/index.php?rest_route=%2Fwp%2Fv2%2Fcategories&post=189075"},{"taxonomy":"post_tag","embeddable":true,"href":"https:\/\/diarioregionaldigital.com.br\/index.php?rest_route=%2Fwp%2Fv2%2Ftags&post=189075"}],"curies":[{"name":"wp","href":"https:\/\/api.w.org\/{rel}","templated":true}]}}