{"id":189072,"date":"2021-09-30T18:07:03","date_gmt":"2021-09-30T21:07:03","guid":{"rendered":"https:\/\/diarioregionaldigital.com.br\/?p=189072"},"modified":"2021-09-30T18:07:03","modified_gmt":"2021-09-30T21:07:03","slug":"campanha-setembro-amarelo-termina-e-unidades-cras-mantem-apoio","status":"publish","type":"post","link":"https:\/\/diarioregionaldigital.com.br\/?p=189072","title":{"rendered":"Campanha Setembro Amarelo termina e unidades Cras mant\u00eam apoio"},"content":{"rendered":"<p>As campanhas de preven\u00e7\u00e3o ao suic\u00eddio Setembro Amarelo mobilizaram diversas unidades de Cras espalhadas por v\u00e1rios territ\u00f3rios do munic\u00edpio. Os servi\u00e7os socioassistenciais evidenciaram bons resultados ao fim da campanha, mas os servi\u00e7os de apoio, informa\u00e7\u00e3o e encaminhamento relativos \u00e0 sa\u00fade mental continuam dispon\u00edveis nos equipamentos da Secretaria de Assist\u00eancia Social durante todo o ano.<\/p>\n<p>Segundo informa\u00e7\u00f5es do site da Prefeitura de Juiz de Fora, a a\u00e7\u00e3o \u201cSetembro Amarelo\u201d do Cras Sudeste Olavo Costa investiu em colocar os usu\u00e1rios em centralidade na campanha. Durante todo o m\u00eas, os usu\u00e1rios escreveram mensagens de apoio para afixa\u00e7\u00e3o no mural da unidade, que tamb\u00e9m serviu para postagens de acolhimento para alguma demanda relativa \u00e0 sa\u00fade mental. A rede de amparo comunga com um dos objetivos do Cras em mostrar que o usu\u00e1rio n\u00e3o est\u00e1 sozinho. Cerca de 850 atendimentos foram feitos durante a campanha com as demandas sendo encaminhadas \u00e0s Unidades B\u00e1sicas de Sa\u00fade (UBS) e aos servi\u00e7os de psicologia da rede.<\/p>\n<p>A supervisora Renata Castro Vargas destaca a import\u00e2ncia da a\u00e7\u00e3o e acredita que o objetivo da proposta foi atingido. \u201cA equipe p\u00f4de perceber o quanto as pessoas se sentiram \u00e0 vontade para participar e deixar uma mensagem no mural \u00e0 medida que receberam informa\u00e7\u00f5es sobre a finalidade da proposta e sobre a import\u00e2ncia da conscientiza\u00e7\u00e3o \u00e0 preven\u00e7\u00e3o ao suic\u00eddio e como poderiam fazer a diferen\u00e7a na vida de algu\u00e9m com uma atitude simples, mas de muito valor para o outro que muitas vezes se sente sozinho.\u201d<\/p>\n<p>Pautando-se no di\u00e1logo como uma importante ferramenta de apoio \u00e0 preven\u00e7\u00e3o ao suic\u00eddio, o Cras Olavo Costa apostou em refor\u00e7ar o papel da integralidade entre os servi\u00e7os do equipamento e os seus atendidos. A pedagoga Liliane Almeida orientou os usu\u00e1rios quanto a import\u00e2ncia do \u201cfalar sobre\u201d que, por vezes, se torna uma op\u00e7\u00e3o quase nula para uma grande parte da popula\u00e7\u00e3o. Para isso, ela usou de outros recursos metodol\u00f3gicos, como a escrita. \u201cTendo em vista a dificuldade de se expressar de algumas pessoas, percebemos que atrav\u00e9s da comunica\u00e7\u00e3o escrita foi poss\u00edvel alcan\u00e7ar nosso objetivo\u201d.<\/p>\n<p>O Cras Sudeste Olavo Costa funciona de segunda a sexta-feira, das 8h \u00e0s 17h, \u00e0 rua Jacinto Marcelino, 25, no Olavo Costa.<\/p>\n<p><b>Telefone:<\/b>\u00a03690-7236.<\/p>\n","protected":false},"excerpt":{"rendered":"<p>As campanhas de preven\u00e7\u00e3o ao suic\u00eddio Setembro Amarelo mobilizaram diversas unidades de Cras espalhadas por v\u00e1rios territ\u00f3rios do munic\u00edpio. Os servi\u00e7os socioassistenciais evidenciaram bons resultados ao fim da campanha, mas os servi\u00e7os de apoio, informa\u00e7\u00e3o e encaminhamento relativos \u00e0 sa\u00fade mental continuam dispon\u00edveis nos equipamentos da Secretaria de Assist\u00eancia Social durante todo o ano. Segundo [&hellip;]<\/p>\n","protected":false},"author":246,"featured_media":189073,"comment_status":"closed","ping_status":"closed","sticky":false,"template":"","format":"standard","meta":{"footnotes":""},"categories":[253,436],"tags":[],"class_list":["post-189072","post","type-post","status-publish","format-standard","has-post-thumbnail","hentry","category-cidade","category-destaque-da-semana"],"_links":{"self":[{"href":"https:\/\/diarioregionaldigital.com.br\/index.php?rest_route=\/wp\/v2\/posts\/189072","targetHints":{"allow":["GET"]}}],"collection":[{"href":"https:\/\/diarioregionaldigital.com.br\/index.php?rest_route=\/wp\/v2\/posts"}],"about":[{"href":"https:\/\/diarioregionaldigital.com.br\/index.php?rest_route=\/wp\/v2\/types\/post"}],"author":[{"embeddable":true,"href":"https:\/\/diarioregionaldigital.com.br\/index.php?rest_route=\/wp\/v2\/users\/246"}],"replies":[{"embeddable":true,"href":"https:\/\/diarioregionaldigital.com.br\/index.php?rest_route=%2Fwp%2Fv2%2Fcomments&post=189072"}],"version-history":[{"count":1,"href":"https:\/\/diarioregionaldigital.com.br\/index.php?rest_route=\/wp\/v2\/posts\/189072\/revisions"}],"predecessor-version":[{"id":189074,"href":"https:\/\/diarioregionaldigital.com.br\/index.php?rest_route=\/wp\/v2\/posts\/189072\/revisions\/189074"}],"wp:featuredmedia":[{"embeddable":true,"href":"https:\/\/diarioregionaldigital.com.br\/index.php?rest_route=\/wp\/v2\/media\/189073"}],"wp:attachment":[{"href":"https:\/\/diarioregionaldigital.com.br\/index.php?rest_route=%2Fwp%2Fv2%2Fmedia&parent=189072"}],"wp:term":[{"taxonomy":"category","embeddable":true,"href":"https:\/\/diarioregionaldigital.com.br\/index.php?rest_route=%2Fwp%2Fv2%2Fcategories&post=189072"},{"taxonomy":"post_tag","embeddable":true,"href":"https:\/\/diarioregionaldigital.com.br\/index.php?rest_route=%2Fwp%2Fv2%2Ftags&post=189072"}],"curies":[{"name":"wp","href":"https:\/\/api.w.org\/{rel}","templated":true}]}}