{"id":189069,"date":"2021-09-30T18:04:54","date_gmt":"2021-09-30T21:04:54","guid":{"rendered":"https:\/\/diarioregionaldigital.com.br\/?p=189069"},"modified":"2021-09-30T18:04:54","modified_gmt":"2021-09-30T21:04:54","slug":"pjf-abre-cadastro-para-dose-de-reforco-contra-covid-19-de-pessoas-acamadas","status":"publish","type":"post","link":"https:\/\/diarioregionaldigital.com.br\/?p=189069","title":{"rendered":"PJF abre cadastro para dose de refor\u00e7o contra Covid-19 de pessoas acamadas"},"content":{"rendered":"<p>Desde o come\u00e7o da sua campanha de imuniza\u00e7\u00e3o contra a Covid-19, a Secretaria de Sa\u00fade (SS) da Prefeitura Juiz de Fora (PJF) realiza a vacina\u00e7\u00e3o de pessoas acamadas. Neste momento, a vacina\u00e7\u00e3o para este p\u00fablico ser\u00e1 voltada aos imunossuprimidos que receberam a segunda dose h\u00e1 pelo menos 28 dias e aos idosos de 70 anos ou mais que receberam a D2 h\u00e1 pelo menos seis meses e que, em ambos os casos, perderam a mobilidade por alguma doen\u00e7a, acidente ou qualquer outro motivo que os impe\u00e7a de sair dos seus quartos. Para estes acamados, a PJF disponibiliza em seu site um\u00a0<a href=\"https:\/\/covid19.pjf.mg.gov.br\/vacinacao_reforco_acamados.php\"><b>formul\u00e1rio para solicitar a vacina\u00e7\u00e3o em casa<\/b><\/a><\/p>\n<p>Segundo informa\u00e7\u00f5es do site da Prefeitura de Juiz de Fora, o formul\u00e1rio deve ser preenchido com o nome completo da pessoa que deve receber a vacina, data de nascimento, CPF ou Cart\u00e3o Nacional de Sa\u00fade (CNS), endere\u00e7o completo, telefone de contato, data da aplica\u00e7\u00e3o da segunda dose e qual o imunizante recebido. Os acamados j\u00e1 vacinados em seus domic\u00edlios na primeira e\/ou segunda dose, n\u00e3o precisam se recadastrar, pois j\u00e1 temos os seus dados e iremos entrar em contato por telefone para agendar a aplica\u00e7\u00e3o da dose de refor\u00e7o o mais breve poss\u00edvel.<\/p>\n<p>As pessoas que est\u00e3o acamadas no momento, mas que n\u00e3o receberam a vacina\u00e7\u00e3o em casa anteriormente, e s\u00e3o residentes em locais onde h\u00e1 a cobertura de uma Unidade B\u00e1sica de Sa\u00fade (UBS), al\u00e9m do cadastro, t\u00eam a possibilidade de entrar em contato diretamente com a UBS para o agendamento, seja por telefone ou com algum familiar indo pessoalmente at\u00e9 a unidade. Os que moram em \u00e1reas onde n\u00e3o h\u00e1 uma UBS pr\u00f3xima, devem fazer o cadastro exclusivamente no site para que o agendamento seja realizado. Em caso de d\u00favidas ou dificuldades para realizar o cadastro, as pessoas que n\u00e3o t\u00eam UBSs pr\u00f3xima da sua regi\u00e3o podem telefonar para o n\u00famero 3214-4180, que o Setor de Imuniza\u00e7\u00e3o da Vigil\u00e2ncia Epidemiol\u00f3gica e Ambiental ir\u00e1 atend\u00ea-los.<\/p>\n<p>Como nossas equipes de imuniza\u00e7\u00e3o trabalham em diversas frentes e, no momento, muitos pontos de vacina\u00e7\u00e3o est\u00e3o sendo utilizados, o que faz com que os profissionais dispon\u00edveis para aplicar vacinas em casa seja reduzida, ser\u00e3o vacinados exclusivamente as pessoas idosas de 70 anos ou mais que estejam acamadas e que receberam a segunda dose de um imunizante contra a Covid-19 h\u00e1 pelo menos seis meses e imunossuprimidos acamados que receberam a segunda dose h\u00e1 pelo menos 28 dias. As pessoas que ainda n\u00e3o completaram este prazo devem aguardar, e aquelas que est\u00e3o completando ter\u00e3o sua visita agendada em breve.<\/p>\n","protected":false},"excerpt":{"rendered":"<p>Desde o come\u00e7o da sua campanha de imuniza\u00e7\u00e3o contra a Covid-19, a Secretaria de Sa\u00fade (SS) da Prefeitura Juiz de Fora (PJF) realiza a vacina\u00e7\u00e3o de pessoas acamadas. Neste momento, a vacina\u00e7\u00e3o para este p\u00fablico ser\u00e1 voltada aos imunossuprimidos que receberam a segunda dose h\u00e1 pelo menos 28 dias e aos idosos de 70 anos [&hellip;]<\/p>\n","protected":false},"author":246,"featured_media":189070,"comment_status":"closed","ping_status":"closed","sticky":false,"template":"","format":"standard","meta":{"footnotes":""},"categories":[253,436,440],"tags":[],"class_list":["post-189069","post","type-post","status-publish","format-standard","has-post-thumbnail","hentry","category-cidade","category-destaque-da-semana","category-destaques-do-dia"],"_links":{"self":[{"href":"https:\/\/diarioregionaldigital.com.br\/index.php?rest_route=\/wp\/v2\/posts\/189069","targetHints":{"allow":["GET"]}}],"collection":[{"href":"https:\/\/diarioregionaldigital.com.br\/index.php?rest_route=\/wp\/v2\/posts"}],"about":[{"href":"https:\/\/diarioregionaldigital.com.br\/index.php?rest_route=\/wp\/v2\/types\/post"}],"author":[{"embeddable":true,"href":"https:\/\/diarioregionaldigital.com.br\/index.php?rest_route=\/wp\/v2\/users\/246"}],"replies":[{"embeddable":true,"href":"https:\/\/diarioregionaldigital.com.br\/index.php?rest_route=%2Fwp%2Fv2%2Fcomments&post=189069"}],"version-history":[{"count":1,"href":"https:\/\/diarioregionaldigital.com.br\/index.php?rest_route=\/wp\/v2\/posts\/189069\/revisions"}],"predecessor-version":[{"id":189071,"href":"https:\/\/diarioregionaldigital.com.br\/index.php?rest_route=\/wp\/v2\/posts\/189069\/revisions\/189071"}],"wp:featuredmedia":[{"embeddable":true,"href":"https:\/\/diarioregionaldigital.com.br\/index.php?rest_route=\/wp\/v2\/media\/189070"}],"wp:attachment":[{"href":"https:\/\/diarioregionaldigital.com.br\/index.php?rest_route=%2Fwp%2Fv2%2Fmedia&parent=189069"}],"wp:term":[{"taxonomy":"category","embeddable":true,"href":"https:\/\/diarioregionaldigital.com.br\/index.php?rest_route=%2Fwp%2Fv2%2Fcategories&post=189069"},{"taxonomy":"post_tag","embeddable":true,"href":"https:\/\/diarioregionaldigital.com.br\/index.php?rest_route=%2Fwp%2Fv2%2Ftags&post=189069"}],"curies":[{"name":"wp","href":"https:\/\/api.w.org\/{rel}","templated":true}]}}