{"id":189066,"date":"2021-09-30T17:55:23","date_gmt":"2021-09-30T20:55:23","guid":{"rendered":"https:\/\/diarioregionaldigital.com.br\/?p=189066"},"modified":"2021-09-30T17:55:23","modified_gmt":"2021-09-30T20:55:23","slug":"time-de-futebol-feminino-do-afeganistao-encontra-novo-lar-em-portugal","status":"publish","type":"post","link":"https:\/\/diarioregionaldigital.com.br\/?p=189066","title":{"rendered":"Time de futebol feminino do Afeganist\u00e3o encontra novo lar em Portugal"},"content":{"rendered":"<p>Deixar o Afeganist\u00e3o foi doloroso, disse Sarah, de 15 anos, mas agora que est\u00e1 segura em Portugal ela pretende perseguir o sonho de jogar futebol profissionalmente &#8211; e talvez conhecer seu \u00eddolo, o atacante Cristiano Ronaldo.<img decoding=\"async\" src=\"https:\/\/agenciabrasil.ebc.com.br\/ebc.png?id=1423090&amp;o=node\" \/><img decoding=\"async\" src=\"https:\/\/agenciabrasil.ebc.com.br\/ebc.gif?id=1423090&amp;o=node\" \/><\/p>\n<p>Sarah foi uma das v\u00e1rias jogadoras da sele\u00e7\u00e3o feminina juvenil afeg\u00e3 que fugiram do pa\u00eds assustadas depois que o movimento isl\u00e2mico radical Talib\u00e3\u00a0tomou o poder em agosto.<\/p>\n<p>Portugal concedeu asilo \u00e0s jovens esportistas.<\/p>\n<p>&#8220;Estou livre&#8221;, disse ela, sorrindo de orelha a orelha ao visitar a famosa Torre de Bel\u00e9m, junto ao Rio Tejo, com a m\u00e3e e as colegas de equipe. &#8220;Meu sonho \u00e9 ser uma boa jogadora, como Ronaldo. E quero ser uma grande empres\u00e1ria aqui em Portugal&#8221;.<\/p>\n<p>Ela espera voltar um dia ao Afeganist\u00e3o, mas s\u00f3 se puder viver livremente.<\/p>\n<p>Sua m\u00e3e, que pediu que a Reuters n\u00e3o usasse seu sobrenome, vivenciou em primeira m\u00e3o a era anterior do governo do Talib\u00e3, entre 1996 e 2001, e est\u00e1 menos otimista com a possibilidade de uma volta para casa.<\/p>\n<p>L\u00edderes do Talib\u00e3\u00a0prometem respeitar os direitos das mulheres, mas em seu primeiro governo elas n\u00e3o podiam trabalhar, e as meninas foram barradas nas escolas.<\/p>\n<p>Uma autoridade de alto escal\u00e3o do grupo disse depois da tomada de poder de 15 de agosto que as mulheres provavelmente n\u00e3o poder\u00e3o praticar esportes por &#8220;n\u00e3o ser necess\u00e1rio&#8221; e porque seus corpos podem ser expostos.<\/p>\n<p>&#8220;A raz\u00e3o de assumirmos esta miss\u00e3o [de retirar o time]\u00a0foi permitir que elas possam aspirar e praticar o esporte que amam&#8221;, disse Farkhunda Muhtaj, t\u00e9cnica da sele\u00e7\u00e3o feminina afeg\u00e3, que voou a Lisboa na quarta-feira (29) para surpreender o time juvenil.<\/p>\n<p><span style=\"font-weight: 400;\">Fonte: Ag\u00eancia Brasil<\/span><\/p>\n","protected":false},"excerpt":{"rendered":"<p>Deixar o Afeganist\u00e3o foi doloroso, disse Sarah, de 15 anos, mas agora que est\u00e1 segura em Portugal ela pretende perseguir o sonho de jogar futebol profissionalmente &#8211; e talvez conhecer seu \u00eddolo, o atacante Cristiano Ronaldo. Sarah foi uma das v\u00e1rias jogadoras da sele\u00e7\u00e3o feminina juvenil afeg\u00e3 que fugiram do pa\u00eds assustadas depois que o [&hellip;]<\/p>\n","protected":false},"author":246,"featured_media":189067,"comment_status":"closed","ping_status":"closed","sticky":false,"template":"","format":"standard","meta":{"footnotes":""},"categories":[436,257],"tags":[],"class_list":["post-189066","post","type-post","status-publish","format-standard","has-post-thumbnail","hentry","category-destaque-da-semana","category-esporte"],"_links":{"self":[{"href":"https:\/\/diarioregionaldigital.com.br\/index.php?rest_route=\/wp\/v2\/posts\/189066","targetHints":{"allow":["GET"]}}],"collection":[{"href":"https:\/\/diarioregionaldigital.com.br\/index.php?rest_route=\/wp\/v2\/posts"}],"about":[{"href":"https:\/\/diarioregionaldigital.com.br\/index.php?rest_route=\/wp\/v2\/types\/post"}],"author":[{"embeddable":true,"href":"https:\/\/diarioregionaldigital.com.br\/index.php?rest_route=\/wp\/v2\/users\/246"}],"replies":[{"embeddable":true,"href":"https:\/\/diarioregionaldigital.com.br\/index.php?rest_route=%2Fwp%2Fv2%2Fcomments&post=189066"}],"version-history":[{"count":1,"href":"https:\/\/diarioregionaldigital.com.br\/index.php?rest_route=\/wp\/v2\/posts\/189066\/revisions"}],"predecessor-version":[{"id":189068,"href":"https:\/\/diarioregionaldigital.com.br\/index.php?rest_route=\/wp\/v2\/posts\/189066\/revisions\/189068"}],"wp:featuredmedia":[{"embeddable":true,"href":"https:\/\/diarioregionaldigital.com.br\/index.php?rest_route=\/wp\/v2\/media\/189067"}],"wp:attachment":[{"href":"https:\/\/diarioregionaldigital.com.br\/index.php?rest_route=%2Fwp%2Fv2%2Fmedia&parent=189066"}],"wp:term":[{"taxonomy":"category","embeddable":true,"href":"https:\/\/diarioregionaldigital.com.br\/index.php?rest_route=%2Fwp%2Fv2%2Fcategories&post=189066"},{"taxonomy":"post_tag","embeddable":true,"href":"https:\/\/diarioregionaldigital.com.br\/index.php?rest_route=%2Fwp%2Fv2%2Ftags&post=189066"}],"curies":[{"name":"wp","href":"https:\/\/api.w.org\/{rel}","templated":true}]}}