{"id":189062,"date":"2021-09-30T17:50:08","date_gmt":"2021-09-30T20:50:08","guid":{"rendered":"https:\/\/diarioregionaldigital.com.br\/?p=189062"},"modified":"2021-09-30T18:19:44","modified_gmt":"2021-09-30T21:19:44","slug":"botafogo-empata-com-vitoria-e-segue-vice-lider-da-serie-b","status":"publish","type":"post","link":"https:\/\/diarioregionaldigital.com.br\/?p=189062","title":{"rendered":"Botafogo empata com Vit\u00f3ria e segue vice-l\u00edder da S\u00e9rie B"},"content":{"rendered":"<p>O Vit\u00f3ria e o Botafogo n\u00e3o sa\u00edram do 0 a 0 na noite desta quarta-feira (29), no est\u00e1dio do Barrad\u00e3o, em Salvador, pela 27\u00aa rodada da S\u00e9rie B.<img decoding=\"async\" src=\"https:\/\/agenciabrasil.ebc.com.br\/ebc.png?id=1423031&amp;o=node\" \/><img decoding=\"async\" src=\"https:\/\/agenciabrasil.ebc.com.br\/ebc.gif?id=1423031&amp;o=node\" \/><\/p>\n<p>Com o resultado, o time do Rio de Janeiro se manteve na vice-lideran\u00e7a do torneio. Agora, o time do Nilton Santos tem 48 pontos e est\u00e1 a cinco pontos do l\u00edder Coritiba. Por outro lado, o Vit\u00f3ria segue afundado dentro do Z4. Com apenas 26 pontos, a equipe ocupa a 18\u00aa posi\u00e7\u00e3o com tr\u00eas pontos de diferen\u00e7a do Brusque (primeira equipe fora da zona de rebaixamento).<\/p>\n<p>O pr\u00f3ximo compromisso do Botafogo ser\u00e1 contra o Ava\u00ed dentro de casa no s\u00e1bado (2). E o Vit\u00f3ria segue a briga para escapar do rebaixamento \u00e0 S\u00e9rie C contra o Goi\u00e1s, fora de casa no mesmo dia.<\/p>\n<p><strong>CSA bate Ponte Preta no Rei Pel\u00e9<\/strong><\/p>\n<p>O CSA derrotou a Ponte Preta por 2 a 1 no est\u00e1dio Rei Pel\u00e9, em Macei\u00f3. O primeiro gol do confronto foi marcado pela Macaca pelo lateral Rafael Santos aos 14 minutos de jogo. O jogador acertou um chute muito forte da intermedi\u00e1ria e acertou o \u00e2ngulo do goleiro Thiago Rodrigues.<\/p>\n<p>O CSA empatou aos 35 ainda da etapa inicial. O atacante Iury Castilho aproveitou o rebote do goleiro Ivan, driblou a marca\u00e7\u00e3o e estufou as redes. A virada do time da casa saiu aos 51 minutos da etapa final, quando o meia Gabriel converteu uma penalidade m\u00e1xima.<\/p>\n<p>Com os tr\u00eas pontos, o time de Macei\u00f3 chegou aos 41, alcan\u00e7ou a 4\u00aa vit\u00f3ria seguida e subiu uma posi\u00e7\u00e3o, chegando ao 7\u00ba lugar. Do lado da Macaca de Campinas, o time continua com 32 pontos na 14\u00aa posi\u00e7\u00e3o. Agora, o CSA se prepara para o cl\u00e1ssico estadual contra o CRB no s\u00e1bado no est\u00e1dio Rei Pel\u00e9. No mesmo dia a Ponte Preta receber\u00e1 o Vila Nova.<\/p>\n<p><span style=\"font-weight: 400;\">Fonte: Ag\u00eancia Brasil<\/span><\/p>\n","protected":false},"excerpt":{"rendered":"<p>O Vit\u00f3ria e o Botafogo n\u00e3o sa\u00edram do 0 a 0 na noite desta quarta-feira (29), no est\u00e1dio do Barrad\u00e3o, em Salvador, pela 27\u00aa rodada da S\u00e9rie B. Com o resultado, o time do Rio de Janeiro se manteve na vice-lideran\u00e7a do torneio. Agora, o time do Nilton Santos tem 48 pontos e est\u00e1 a [&hellip;]<\/p>\n","protected":false},"author":246,"featured_media":189063,"comment_status":"closed","ping_status":"closed","sticky":false,"template":"","format":"standard","meta":{"footnotes":""},"categories":[436,257],"tags":[],"class_list":["post-189062","post","type-post","status-publish","format-standard","has-post-thumbnail","hentry","category-destaque-da-semana","category-esporte"],"_links":{"self":[{"href":"https:\/\/diarioregionaldigital.com.br\/index.php?rest_route=\/wp\/v2\/posts\/189062","targetHints":{"allow":["GET"]}}],"collection":[{"href":"https:\/\/diarioregionaldigital.com.br\/index.php?rest_route=\/wp\/v2\/posts"}],"about":[{"href":"https:\/\/diarioregionaldigital.com.br\/index.php?rest_route=\/wp\/v2\/types\/post"}],"author":[{"embeddable":true,"href":"https:\/\/diarioregionaldigital.com.br\/index.php?rest_route=\/wp\/v2\/users\/246"}],"replies":[{"embeddable":true,"href":"https:\/\/diarioregionaldigital.com.br\/index.php?rest_route=%2Fwp%2Fv2%2Fcomments&post=189062"}],"version-history":[{"count":2,"href":"https:\/\/diarioregionaldigital.com.br\/index.php?rest_route=\/wp\/v2\/posts\/189062\/revisions"}],"predecessor-version":[{"id":189065,"href":"https:\/\/diarioregionaldigital.com.br\/index.php?rest_route=\/wp\/v2\/posts\/189062\/revisions\/189065"}],"wp:featuredmedia":[{"embeddable":true,"href":"https:\/\/diarioregionaldigital.com.br\/index.php?rest_route=\/wp\/v2\/media\/189063"}],"wp:attachment":[{"href":"https:\/\/diarioregionaldigital.com.br\/index.php?rest_route=%2Fwp%2Fv2%2Fmedia&parent=189062"}],"wp:term":[{"taxonomy":"category","embeddable":true,"href":"https:\/\/diarioregionaldigital.com.br\/index.php?rest_route=%2Fwp%2Fv2%2Fcategories&post=189062"},{"taxonomy":"post_tag","embeddable":true,"href":"https:\/\/diarioregionaldigital.com.br\/index.php?rest_route=%2Fwp%2Fv2%2Ftags&post=189062"}],"curies":[{"name":"wp","href":"https:\/\/api.w.org\/{rel}","templated":true}]}}